{"id":1522,"date":"2017-02-07T12:03:32","date_gmt":"2017-02-07T10:03:32","guid":{"rendered":"http:\/\/7geisslein.com\/?p=1522"},"modified":"2017-02-07T20:05:17","modified_gmt":"2017-02-07T18:05:17","slug":"ein-paar-loeffel-medizin","status":"publish","type":"post","link":"https:\/\/7geisslein.com\/?p=1522","title":{"rendered":"Ein paar L\u00f6ffel Medizin"},"content":{"rendered":"<p>Was ist nur los in diesen Tagen? Das immer noch neue Jahr und ich wollen einfach nicht warm werden miteinander. Sand im Getriebe und zwar seit Wochen. Am letzten Montag w\u00e4hnte ich mich kurz in Sicherheit, freute mich \u00fcber das Ende der Krankheitswelle und der Isolationshaft\u00a0und fing schon mal das R\u00e4umen an. Als am Dienstag das Telefon um 9.15 Uhr klingelte, da wusste ich schon wer dran war, bevor ich auch nur in der N\u00e4he des H\u00f6rers war. Nein, keine Morgenmuffeligkeit sondern hohes Fieber. Bitte sofort abholen. Am Mittwochmorgen gesellte sich ein zweites fieberkrankes Kind hinzu. Am Mittwochmittag war der Ofen aus. Und zwar im wahrsten Sinne des Wortes. Unsere Heizung wurde von einem Moment auf den anderen abgeschaltet, weil sie Abgase in unser Haus leitete, solche die man riechen kann und solche, die man eben nicht riechen kann. Ich danke meinem Geruchssinn und allen Schutzengeln, die uns vor Schlimmeren bewahrt haben. Am Donnerstag durften wir die grundlegende Erfahrung machen, wie es ist, wenn verw\u00f6hnte Westeurop\u00e4er mal ein Tag ohne Wasser auskommen m\u00fcssen. Sehr lehrreich, aber ich h\u00e4tte in diesem Moment gerne aufs Lernen verzichtet. Am Freitag zogen dunkle Migr\u00e4newolken meinen Hinterkopf hinauf, w\u00e4hrend der sehr nette Heizungsbauer unsere neue Heizung installierte. Die Wolken verzogen sich die n\u00e4chsten drei Tage nicht mehr. Am Samstagabend gegen 22.00Uhr badete ich in einem Meer aus Selbstmitleid. Am Sonntag fragte ich mich, wie ich nun mit der Lage umgehen wolle. Weiterbaden oder aufstehen und ein Handtuch suchen?<\/p>\n<p>Die Antwort fand ich in Veronika Smoors kleinem B\u00fcchlein <a href=\"http:\/\/amazon\/3789397857.com\">&#8222;Heiliger Alltag&#8220;<\/a>, das mir inzwischen so ans Herz gewachsen ist. Einer der f\u00fcr mich wichtigsten S\u00e4tze lautet: <strong><em>&#8222;die einzige Medizin gegen Selbstmitleid ist Dankbarkeit&#8220;.\u00a0 <\/em><\/strong>Und so stand ich auf aus meinem Vollbad auf, wenn auch seufzend,\u00a0und suchte eine gro\u00dfe Flasche Medizin. Lange suchen musste ich nicht, denn auch die fieseste Woche enth\u00e4lt gen\u00fcgend Momente, die nach einem Danke rufen. Danke<\/p>\n<p><img loading=\"lazy\" class=\"alignnone size-full wp-image-1520\" src=\"http:\/\/7geisslein.com\/wp-content\/uploads\/2017\/02\/image7.jpg\" alt=\"image\" width=\"2448\" height=\"3264\" \/><\/p>\n<ul>\n<li>f\u00fcr Hefekringel nach einem Rezept von <a href=\"http:\/\/leckerleckerliese.de\">leckerleckerliese.de<\/a>\u00a0, ich kann das Nachbacken nicht uneingeschr\u00e4nkt empfehlen, aber wenn dein Charakter etwas gefestigter ist als meiner und wenn du \u00a0deine Nachkommen im Zuckerrausch etwas besser im Griff hast, als ich die meinigen, ja dann holst du dir ein paar St\u00fcckchen Himmel ins Haus. Ich dachte ich sei schlau und habe gleich die doppelte Menge gebacken (wir sind schlie\u00dflich viele). Danach musste ich unsere K\u00fcche bewachen, als sei sie der Tower of London und einer meiner S\u00f6hne nahm &#8220; aus Versehen&#8220; zwei Brotboxen mit in die Schule, was bei Vollkornbrot mit K\u00e4se noch nie passiert ist.<\/li>\n<li><\/li>\n<li>f\u00fcr Zeit mit meinen Kindern.\u00a0Nat\u00fcrlich kommt man zu sonst nichts mehr, aber Krankheitstage bergen eben immer auch die M\u00f6glichkeit zum Basteln, Puzzeln , Malen. Einen Vormittag lang durfte ich mit meinen Jungs ein gro\u00dfes Baustellenbild ausmalen und das ist entspannender als jedes Mandala.<\/li>\n<li>f\u00fcr unseren ersten Elternsprechtag als Eltern\u00a0und daf\u00fcr, dass es engagierte Lehrer mit einem hohen Ma\u00df an Sachverstand gibt. Wir wissen unser Kind in guten H\u00e4nden und das ist ein richtig gutes Gef\u00fchl.<\/li>\n<li>f\u00fcr eine liebe, liebe Freundin, die uns den Besuch dieses Elternsprechtages erm\u00f6glichte und unsere f\u00fcnf Kinder mit Essen versorgte.<\/li>\n<li>f\u00fcr Handwerker, die aus unserem Haus in k\u00fcrzester Zeit wieder ein warmes Zuhause gemacht haben und dabei so nett waren.<\/li>\n<li><\/li>\n<li>f\u00fcr die gelungene Erstbeichte meiner Tochter und meiner ganzen Kommuniongruppe. Am Samstagmorgen trafen wir uns und bald wich die Aufregung einer wunderbar gel\u00f6sten und trotzdem sehr ruhigen Stimmung. Als eine meiner kleinen Zweiflerinnen von ihrem Gespr\u00e4ch zur\u00fcckkehrte, da strahlte sie \u00fcber das ganze Gesicht und meinte fassungslos :&#8220; Mir geht es so gut!&#8220; Und ich wei\u00df nat\u00fcrlich nicht, was mein kleines M\u00e4dchen sich von der Seele reden durfte, aber das Bild das sie in ihrer stillen Zeit danach legte, erf\u00fcllte mich wirklich mit Freude. So ist Vers\u00f6hnung&#8230;<\/li>\n<li><\/li>\n<li><img loading=\"lazy\" class=\"alignnone size-full wp-image-1521\" src=\"http:\/\/7geisslein.com\/wp-content\/uploads\/2017\/02\/image8.jpg\" alt=\"image\" width=\"2448\" height=\"3264\" \/><\/li>\n<li>f\u00fcr alles, was ich mit meinen H\u00e4nden\u00a0schaffen darf, kleine Erfolgserlebnisse im Alltag.\u00a0Nun ist es fertig, dieses wunderbar leichte und doch\u00a0w\u00e4rmende Halstuch. Ich werde es auf die Reise schicken und hoffe, dass es ein wenig Freude schenken wird. Und dann fange ich von vorne an, weil ich mir jetzt n\u00e4mlich auch dringend etwas W\u00e4rmendes um meinen Hals w\u00fcnsche<\/li>\n<li>f\u00fcr eine Haus\u00e4rztin, die die Geduld mit uns nicht verliert und auch am Sonntagmorgen erreichbar ist.<\/li>\n<\/ul>\n<p>Tats\u00e4chlich, eine gro\u00dfe Dosis Dankbarkeit und das Leben sieht wieder anders aus. Diese Medizin wirkt, ganz ohne Nebenwirkungen, es gibt sie ohne Rezept und ganz kostenfrei. Ich kann sie uneingeschr\u00e4nkt weiterempfehlen.<\/p>\n<p>Heute ist wieder Montag. Ich komme mit zwei meiner Kinder vom Arzt zur\u00fcck. Der Scharlachabstrich ist positiv ausgefallen und ich sehe mich auf einen Schlag einer weiteren Woche Isolationshaft gegen\u00fcber. Mit dem Selbstmitleid scheint es wie mit den Fieberkrankheiten meiner Kinder zu sein. Es kehrt immer und immer wieder.\u00a0Ich \u00a0g\u00f6nne mir eine kurze Dusche davon, bevor ich den Medizinl\u00f6ffel suchen gehe.<\/p>\n<p>&nbsp;<\/p>\n<div class=\"sharedaddy sd-sharing-enabled\"><div class=\"robots-nocontent sd-block sd-social sd-social-official sd-sharing\"><h3 class=\"sd-title\">Teilen mit:<\/h3><div class=\"sd-content\"><ul><li class=\"share-twitter\"><a href=\"https:\/\/twitter.com\/share\" class=\"twitter-share-button\" data-url=\"https:\/\/7geisslein.com\/?p=1522\" data-text=\"Ein paar L\u00f6ffel Medizin\"  >Tweet<\/a><\/li><li class=\"share-facebook\"><div class=\"fb-share-button\" data-href=\"https:\/\/7geisslein.com\/?p=1522\" data-layout=\"button_count\"><\/div><\/li><li class=\"share-jetpack-whatsapp\"><a rel=\"nofollow noopener noreferrer\" data-shared=\"\" class=\"share-jetpack-whatsapp sd-button\" href=\"https:\/\/7geisslein.com\/?p=1522&amp;share=jetpack-whatsapp\" target=\"_blank\" title=\"Klicken, um auf WhatsApp zu teilen\" ><span>WhatsApp<\/span><\/a><\/li><li><a href=\"#\" class=\"sharing-anchor sd-button share-more\"><span>Mehr<\/span><\/a><\/li><li class=\"share-end\"><\/li><\/ul><div class=\"sharing-hidden\"><div class=\"inner\" style=\"display: none;width:150px;\"><ul style=\"background-image:none;\"><li class=\"share-pinterest\"><div class=\"pinterest_button\"><a href=\"https:\/\/www.pinterest.com\/pin\/create\/button\/?url=https%3A%2F%2F7geisslein.com%2F%3Fp%3D1522&#038;media=http%3A%2F%2F7geisslein.com%2Fwp-content%2Fuploads%2F2017%2F02%2Fimage7.jpg&#038;description=Ein%20paar%20L%C3%B6ffel%20Medizin\" data-pin-do=\"buttonPin\" data-pin-config=\"beside\"><img src=\"\/\/assets.pinterest.com\/images\/pidgets\/pinit_fg_en_rect_gray_20.png\" \/><\/a><\/div><\/li><li class=\"share-end\"><\/li><\/ul><\/div><\/div><\/div><\/div><\/div>","protected":false},"excerpt":{"rendered":"<p>Was ist nur los in diesen Tagen? Das immer noch neue Jahr und ich wollen einfach nicht warm werden miteinander. Sand im Getriebe und zwar seit Wochen. Am letzten Montag w\u00e4hnte ich mich kurz in Sicherheit, freute mich \u00fcber das Ende der Krankheitswelle und der Isolationshaft\u00a0und fing schon mal das R\u00e4umen an. Als am Dienstag &hellip;<\/p>\n<p class=\"read-more\"> <a class=\"\" href=\"https:\/\/7geisslein.com\/?p=1522\"> <span class=\"screen-reader-text\">Ein paar L\u00f6ffel Medizin<\/span> Weiterlesen \u00bb<\/a><\/p>\n<div class=\"sharedaddy sd-sharing-enabled\"><div class=\"robots-nocontent sd-block sd-social sd-social-official sd-sharing\"><h3 class=\"sd-title\">Teilen mit:<\/h3><div class=\"sd-content\"><ul><li class=\"share-twitter\"><a href=\"https:\/\/twitter.com\/share\" class=\"twitter-share-button\" data-url=\"https:\/\/7geisslein.com\/?p=1522\" data-text=\"Ein paar L\u00f6ffel Medizin\"  >Tweet<\/a><\/li><li class=\"share-facebook\"><div class=\"fb-share-button\" data-href=\"https:\/\/7geisslein.com\/?p=1522\" data-layout=\"button_count\"><\/div><\/li><li class=\"share-jetpack-whatsapp\"><a rel=\"nofollow noopener noreferrer\" data-shared=\"\" class=\"share-jetpack-whatsapp sd-button\" href=\"https:\/\/7geisslein.com\/?p=1522&amp;share=jetpack-whatsapp\" target=\"_blank\" title=\"Klicken, um auf WhatsApp zu teilen\" ><span>WhatsApp<\/span><\/a><\/li><li><a href=\"#\" class=\"sharing-anchor sd-button share-more\"><span>Mehr<\/span><\/a><\/li><li class=\"share-end\"><\/li><\/ul><div class=\"sharing-hidden\"><div class=\"inner\" style=\"display: none;width:150px;\"><ul style=\"background-image:none;\"><li class=\"share-pinterest\"><div class=\"pinterest_button\"><a href=\"https:\/\/www.pinterest.com\/pin\/create\/button\/?url=https%3A%2F%2F7geisslein.com%2F%3Fp%3D1522&#038;media=http%3A%2F%2F7geisslein.com%2Fwp-content%2Fuploads%2F2017%2F02%2Fimage7.jpg&#038;description=Ein%20paar%20L%C3%B6ffel%20Medizin\" data-pin-do=\"buttonPin\" data-pin-config=\"beside\"><img src=\"\/\/assets.pinterest.com\/images\/pidgets\/pinit_fg_en_rect_gray_20.png\" \/><\/a><\/div><\/li><li class=\"share-end\"><\/li><\/ul><\/div><\/div><\/div><\/div><\/div>","protected":false},"author":106301022,"featured_media":0,"comment_status":"open","ping_status":"open","sticky":false,"template":"","format":"standard","meta":{"advanced_seo_description":"","site-sidebar-layout":"default","site-content-layout":"default","ast-global-header-display":"","ast-main-header-display":"","ast-hfb-above-header-display":"","ast-hfb-below-header-display":"","ast-hfb-mobile-header-display":"","site-post-title":"","ast-breadcrumbs-content":"","ast-featured-img":"","footer-sml-layout":"","theme-transparent-header-meta":"","adv-header-id-meta":"","stick-header-meta":"","header-above-stick-meta":"","header-main-stick-meta":"","header-below-stick-meta":"","jetpack_publicize_message":"","jetpack_is_tweetstorm":false,"jetpack_publicize_feature_enabled":true},"categories":[2710,5279,1192187,19576,188194],"tags":[],"jetpack_publicize_connections":[],"jetpack_featured_media_url":"","jetpack_likes_enabled":true,"jetpack_sharing_enabled":true,"jetpack_shortlink":"https:\/\/wp.me\/pe8oxX-oy","_links":{"self":[{"href":"https:\/\/7geisslein.com\/index.php?rest_route=\/wp\/v2\/posts\/1522"}],"collection":[{"href":"https:\/\/7geisslein.com\/index.php?rest_route=\/wp\/v2\/posts"}],"about":[{"href":"https:\/\/7geisslein.com\/index.php?rest_route=\/wp\/v2\/types\/post"}],"author":[{"embeddable":true,"href":"https:\/\/7geisslein.com\/index.php?rest_route=\/wp\/v2\/users\/106301022"}],"replies":[{"embeddable":true,"href":"https:\/\/7geisslein.com\/index.php?rest_route=%2Fwp%2Fv2%2Fcomments&post=1522"}],"version-history":[{"count":25,"href":"https:\/\/7geisslein.com\/index.php?rest_route=\/wp\/v2\/posts\/1522\/revisions"}],"predecessor-version":[{"id":1632,"href":"https:\/\/7geisslein.com\/index.php?rest_route=\/wp\/v2\/posts\/1522\/revisions\/1632"}],"wp:attachment":[{"href":"https:\/\/7geisslein.com\/index.php?rest_route=%2Fwp%2Fv2%2Fmedia&parent=1522"}],"wp:term":[{"taxonomy":"category","embeddable":true,"href":"https:\/\/7geisslein.com\/index.php?rest_route=%2Fwp%2Fv2%2Fcategories&post=1522"},{"taxonomy":"post_tag","embeddable":true,"href":"https:\/\/7geisslein.com\/index.php?rest_route=%2Fwp%2Fv2%2Ftags&post=1522"}],"curies":[{"name":"wp","href":"https:\/\/api.w.org\/{rel}","templated":true}]}}