{"id":184,"date":"2016-07-21T15:42:01","date_gmt":"2016-07-21T13:42:01","guid":{"rendered":"http:\/\/7geisslein.com\/?p=184"},"modified":"2016-07-21T15:42:01","modified_gmt":"2016-07-21T13:42:01","slug":"ich-packe-meinen-koffer-und","status":"publish","type":"post","link":"https:\/\/7geisslein.com\/?p=184","title":{"rendered":"Ich packe meinen Koffer und&#8230;"},"content":{"rendered":"<p>Kaum haben die langersehnten Sommerferien endlich begonnen, kaum knallt endlich die Sonne vom Himmel und kaum braucht man keine Unmengen an Pausenbroten mehr schmieren, da steht sie bevor-die gr\u00f6\u00dfte Schlacht im famili\u00e4ren Jahreskreis. Gr\u00f6\u00dfer als Weihnachten und Ostern zusammen: Mama packt! Mama packt f\u00fcr sieben Menschen und zwei Wochen. Das bedeutet allein 7mal 14 Unterhosen, all diese Hosen, lange und kurze, T-Shirts und Pullover. B\u00fccher f\u00fcr alle Altersstufe, zum Selberlesen, zum Vorlesen, Lebensmittel ( wir fahren in die schwedische Ein\u00f6de, wer wei\u00df ob es da \u00fcberhaupt Nahrung gibt und wir nicht erst einen Elch erlegen m\u00fcssen!),Schnitzmesser und Anleitungen (wenn schon Natur, dann aber richtig), Neoprenanz\u00fcge f\u00fcr alle (in diesem See wird geschwommen, egal wie kalt es ist!!!). Bastelkleber, Papier und Stifte. Strickzeug und H\u00e4kelnadeln. Bettw\u00e4sche und Handt\u00fccher. Ohne P\u00fcrierstab fahren wir nirgends hin. Und Windeln. Windeln f\u00fcr Zwillinge und vierzehn Tage!! Wir haben f\u00fcr diese Massen an Menschen und Gep\u00e4ck aber nur einen gew\u00f6hnlichen Sharan und eine Dachbox und jedes Mal, wirklich jedes Mal bin ich mir zu 100 Prozent sicher, dass es dieses Mal nicht reichen wird. Bisher hat es aber trotzdem immer geklappt. Insgeheim glaube ich, dass mein Mann ein Doppelleben f\u00fchrt und internationaler Tetrismeister ist. Gut, pinkeln darf au\u00dferplanm\u00e4\u00dfig keiner mehr. Jede Ritze ist zugestopft. Deswegen fahren wir dieses Jahr \u00a0auch nachts. Dann merken die armen kleinen Sardinen nichts von ihrem B\u00fcchsenleben auf Zeit. Trotz aller Listen, die ich schon vor Wochen angefertigt habe, gerate ich ins Schwimmen. Hake innerlich ab, notiere Vergessenes, suche Ladeger\u00e4te f\u00fcr MP3 Player, Handies und Fotoapparate und und und! Ich misstraue Urlauben sowieso. Unbekannten Urlaubszielen erst recht. Kaum habe \u00a0ich mich an S\u00fcdtirol gew\u00f6hnt, zieht es die Familie nun nach Schweden. Ich bin eine schwierige Urlauberin, denn ich funktioniere ausgezeichnet im Alltagsduracellmodus. Aber von 150 Prozent auf sagen wir mal 50 runtergefahren zu werden, verkraften mein Hirn und meine Seele nur schwer. Die wollen weiterrotieren. Alle Gedanken f\u00fcr die sonst kein Raum bleibt, dr\u00e4ngen pl\u00f6tzlich nach oben und sie sind nicht immer freundlich. Aber ich bin wild entschlossen und deshalb packe ich in meinen Koffer:<\/p>\n<ul>\n<li>Geduld. Mit mir selber und mit der Familie. Es braucht Zeit um in einen gemeinsamen Urlaubsrythmus zu finden und die unterschiedlichen Bed\u00fcrfnisse sortiert zu bekommen.<\/li>\n<li>Unvoreingenommene Neugier. Ein neues Land und neue Leute, wunderbar! Raus aus der altbekannten M\u00fchle und bereit seien, etwas Neues zu entdecken<\/li>\n<li>Die Lust meine Familie wieder mit neuen Augen zusehen, sie in anderer Situation wieder neu kennenzulernen<\/li>\n<li>Lesefreude. Ich freue mich wirklich auf ungehemmtes Lesen und Vorlesen und ja klar- auch Pipi, Saltkrokan und Bullerb\u00fc sind mit dabei<\/li>\n<li>Gespr\u00e4chsbereitschaft. Vielleicht packe ich sie nicht sofort aus. Aber ich will offen sein f\u00fcr meinen Mann, jedes einzelne Kind und f\u00fcr Gott.<\/li>\n<li>Gelassenheit. Oh ja, davon eine Doppelpackung in XXL. Ich will es einfach mal lassen. Das Organisieren, Planen und Zust\u00e4ndig sein. Und ich will es aushalten, wenn es dann nicht exakt so l\u00e4uft, wie ich mir das so vorstelle<\/li>\n<\/ul>\n<p>Getrost zu Hause bleiben k\u00f6nnen<\/p>\n<ul>\n<li>M\u00e4kellust und N\u00f6rgeldrang<\/li>\n<li>die aberwitzige Idee, von der ich oft besessen bin, dass ich ich nur etwas wert bin, wenn ich auch etwas leiste<\/li>\n<li>Perfektionswahn<\/li>\n<li>Anspruchsdenken<\/li>\n<li>Anspannung und Verspannung<\/li>\n<\/ul>\n<p>In diesem Sinne w\u00fcnsche ich allen einen wundersch\u00f6nen Sommer, egal ob zu Hause oder im Urlaub!<\/p>\n<div class=\"sharedaddy sd-sharing-enabled\"><div class=\"robots-nocontent sd-block sd-social sd-social-official sd-sharing\"><h3 class=\"sd-title\">Teilen mit:<\/h3><div class=\"sd-content\"><ul><li class=\"share-twitter\"><a href=\"https:\/\/twitter.com\/share\" class=\"twitter-share-button\" data-url=\"https:\/\/7geisslein.com\/?p=184\" data-text=\"Ich packe meinen Koffer und...\"  >Tweet<\/a><\/li><li class=\"share-facebook\"><div class=\"fb-share-button\" data-href=\"https:\/\/7geisslein.com\/?p=184\" data-layout=\"button_count\"><\/div><\/li><li class=\"share-jetpack-whatsapp\"><a rel=\"nofollow noopener noreferrer\" data-shared=\"\" class=\"share-jetpack-whatsapp sd-button\" href=\"https:\/\/7geisslein.com\/?p=184&amp;share=jetpack-whatsapp\" target=\"_blank\" title=\"Klicken, um auf WhatsApp zu teilen\" ><span>WhatsApp<\/span><\/a><\/li><li><a href=\"#\" class=\"sharing-anchor sd-button share-more\"><span>Mehr<\/span><\/a><\/li><li class=\"share-end\"><\/li><\/ul><div class=\"sharing-hidden\"><div class=\"inner\" style=\"display: none;width:150px;\"><ul style=\"background-image:none;\"><li class=\"share-pinterest\"><div class=\"pinterest_button\"><a href=\"https:\/\/www.pinterest.com\/pin\/create\/button\/?url=https%3A%2F%2F7geisslein.com%2F%3Fp%3D184&#038;media=https%3A%2F%2F7geisslein.com%2Fwp-content%2Fuploads%2F2016%2F07%2Fimage13.jpg&#038;description=Ich%20packe%20meinen%20Koffer%20und...\" data-pin-do=\"buttonPin\" data-pin-config=\"beside\"><img src=\"\/\/assets.pinterest.com\/images\/pidgets\/pinit_fg_en_rect_gray_20.png\" \/><\/a><\/div><\/li><li class=\"share-end\"><\/li><\/ul><\/div><\/div><\/div><\/div><\/div>","protected":false},"excerpt":{"rendered":"<p>Kaum haben die langersehnten Sommerferien endlich begonnen, kaum knallt endlich die Sonne vom Himmel und kaum braucht man keine Unmengen an Pausenbroten mehr schmieren, da steht sie bevor-die gr\u00f6\u00dfte Schlacht im famili\u00e4ren Jahreskreis. Gr\u00f6\u00dfer als Weihnachten und Ostern zusammen: Mama packt! Mama packt f\u00fcr sieben Menschen und zwei Wochen. Das bedeutet allein 7mal 14 Unterhosen, &hellip;<\/p>\n<p class=\"read-more\"> <a class=\"\" href=\"https:\/\/7geisslein.com\/?p=184\"> <span class=\"screen-reader-text\">Ich packe meinen Koffer und&#8230;<\/span> Weiterlesen \u00bb<\/a><\/p>\n<div class=\"sharedaddy sd-sharing-enabled\"><div class=\"robots-nocontent sd-block sd-social sd-social-official sd-sharing\"><h3 class=\"sd-title\">Teilen mit:<\/h3><div class=\"sd-content\"><ul><li class=\"share-twitter\"><a href=\"https:\/\/twitter.com\/share\" class=\"twitter-share-button\" data-url=\"https:\/\/7geisslein.com\/?p=184\" data-text=\"Ich packe meinen Koffer und...\"  >Tweet<\/a><\/li><li class=\"share-facebook\"><div class=\"fb-share-button\" data-href=\"https:\/\/7geisslein.com\/?p=184\" data-layout=\"button_count\"><\/div><\/li><li class=\"share-jetpack-whatsapp\"><a rel=\"nofollow noopener noreferrer\" data-shared=\"\" class=\"share-jetpack-whatsapp sd-button\" href=\"https:\/\/7geisslein.com\/?p=184&amp;share=jetpack-whatsapp\" target=\"_blank\" title=\"Klicken, um auf WhatsApp zu teilen\" ><span>WhatsApp<\/span><\/a><\/li><li><a href=\"#\" class=\"sharing-anchor sd-button share-more\"><span>Mehr<\/span><\/a><\/li><li class=\"share-end\"><\/li><\/ul><div class=\"sharing-hidden\"><div class=\"inner\" style=\"display: none;width:150px;\"><ul style=\"background-image:none;\"><li class=\"share-pinterest\"><div class=\"pinterest_button\"><a href=\"https:\/\/www.pinterest.com\/pin\/create\/button\/?url=https%3A%2F%2F7geisslein.com%2F%3Fp%3D184&#038;media=https%3A%2F%2F7geisslein.com%2Fwp-content%2Fuploads%2F2016%2F07%2Fimage13.jpg&#038;description=Ich%20packe%20meinen%20Koffer%20und...\" data-pin-do=\"buttonPin\" data-pin-config=\"beside\"><img src=\"\/\/assets.pinterest.com\/images\/pidgets\/pinit_fg_en_rect_gray_20.png\" \/><\/a><\/div><\/li><li class=\"share-end\"><\/li><\/ul><\/div><\/div><\/div><\/div><\/div>","protected":false},"author":106301022,"featured_media":183,"comment_status":"open","ping_status":"open","sticky":false,"template":"","format":"standard","meta":{"advanced_seo_description":"","site-sidebar-layout":"default","site-content-layout":"default","ast-global-header-display":"","ast-main-header-display":"","ast-hfb-above-header-display":"","ast-hfb-below-header-display":"","ast-hfb-mobile-header-display":"","site-post-title":"","ast-breadcrumbs-content":"","ast-featured-img":"","footer-sml-layout":"","theme-transparent-header-meta":"","adv-header-id-meta":"","stick-header-meta":"","header-above-stick-meta":"","header-main-stick-meta":"","header-below-stick-meta":"","jetpack_publicize_message":"","jetpack_is_tweetstorm":false,"jetpack_publicize_feature_enabled":true},"categories":[2710,19576,157181,29403],"tags":[521050553],"jetpack_publicize_connections":[],"jetpack_featured_media_url":"https:\/\/7geisslein.com\/wp-content\/uploads\/2016\/07\/image13.jpg","jetpack_likes_enabled":true,"jetpack_sharing_enabled":true,"jetpack_shortlink":"https:\/\/wp.me\/pe8oxX-2Y","_links":{"self":[{"href":"https:\/\/7geisslein.com\/index.php?rest_route=\/wp\/v2\/posts\/184"}],"collection":[{"href":"https:\/\/7geisslein.com\/index.php?rest_route=\/wp\/v2\/posts"}],"about":[{"href":"https:\/\/7geisslein.com\/index.php?rest_route=\/wp\/v2\/types\/post"}],"author":[{"embeddable":true,"href":"https:\/\/7geisslein.com\/index.php?rest_route=\/wp\/v2\/users\/106301022"}],"replies":[{"embeddable":true,"href":"https:\/\/7geisslein.com\/index.php?rest_route=%2Fwp%2Fv2%2Fcomments&post=184"}],"version-history":[{"count":25,"href":"https:\/\/7geisslein.com\/index.php?rest_route=\/wp\/v2\/posts\/184\/revisions"}],"predecessor-version":[{"id":210,"href":"https:\/\/7geisslein.com\/index.php?rest_route=\/wp\/v2\/posts\/184\/revisions\/210"}],"wp:featuredmedia":[{"embeddable":true,"href":"https:\/\/7geisslein.com\/index.php?rest_route=\/wp\/v2\/media\/183"}],"wp:attachment":[{"href":"https:\/\/7geisslein.com\/index.php?rest_route=%2Fwp%2Fv2%2Fmedia&parent=184"}],"wp:term":[{"taxonomy":"category","embeddable":true,"href":"https:\/\/7geisslein.com\/index.php?rest_route=%2Fwp%2Fv2%2Fcategories&post=184"},{"taxonomy":"post_tag","embeddable":true,"href":"https:\/\/7geisslein.com\/index.php?rest_route=%2Fwp%2Fv2%2Ftags&post=184"}],"curies":[{"name":"wp","href":"https:\/\/api.w.org\/{rel}","templated":true}]}}