{"id":2124,"date":"2017-05-10T15:17:14","date_gmt":"2017-05-10T13:17:14","guid":{"rendered":"http:\/\/7geisslein.com\/?p=2124"},"modified":"2017-05-10T15:17:14","modified_gmt":"2017-05-10T13:17:14","slug":"im-auge-des-betrachters","status":"publish","type":"post","link":"https:\/\/7geisslein.com\/?p=2124","title":{"rendered":"Im Auge des Betrachters"},"content":{"rendered":"<p>Irgendwann letzte Woche kroch ich, wie jeden Morgen, fr\u00fch um sechs unausgeschlafen und zerknautscht aus meinem Bett, wankte ins Badezimmer und versuchte gleichzeitig einen F\u00fcnftkl\u00e4ssler zu wecken und dabei den richtigen Weg in meine Klamotten zu finden. Dringend n\u00f6tige Renovierungsarbeiten an Gesicht und Frisur vertagte ich auf sp\u00e4ter- soviel Zeit hat das gro\u00dfe Schulkind am Morgen nicht und \u00a0er zieht sein Fr\u00fchst\u00fcck eindeutig einer renovierten Mutter vor. Auf dem Weg nach unten traf ich auf einen erstaunlich ausgeschlafenen Dreij\u00e4hrigen und herzte ihn, wie es sich geh\u00f6rt. Und er nahm mein zerknittertes Gesicht in seine kleinen Patscheh\u00e4ndchen, sah verliebt in meine schlafverquollenen Augen und sagte aus tiefster Seele: &#8220; Du siehst so sch\u00f6n aus!&#8220; Dann dr\u00fcckte er mir einen herzhaften Schmatzer auf den Mund und f\u00fcgte hinzu: \u00a0 \u00a0 \u00a0 &#8222;Du hast zwei Augen! Ich will jetzt Saft.&#8220; Vergn\u00fcgt zog er von dannen und ich blieb noch f\u00fcr ein paar Sekunden, wo ich war. War er denn blind? Sah er nicht den rausgewachsenen Haaransatz, die dunklen Ringe unter den m\u00fcden Augen, die l\u00e4stigen Pfunde, die sich zu einer Trennung von mir einfach nicht entschlie\u00dfen wollen? Zwei Augen, immerhin, aber der Rest? Hm. Ich sah das alles. Alles weit entfernt von optischer Makellosigkeit. Trotzdem entschloss ich mich das Kompliment dankbar in die Tasche zu stecken und machte mich schon deutlich beschwingter an die Zubereitung des Fr\u00fchst\u00fccks.<\/p>\n<p>Sp\u00e4ter am Tag las ich in einem Blogeintrag von\u00a0<a href=\"http:\/\/Jesusnat\u00fcrlich.wordpress.com\">Lena<\/a>\u00a0eine Liebeserkl\u00e4rung an ihre Mutter und deren Sch\u00f6nheit. So liebevoll beschreibt sie die Frau, die sie geboren hat, dass es einem ganz warm ums Herz wurde. Liebe macht sch\u00f6n- den der sie gibt und den, der sie empf\u00e4ngt.<\/p>\n<p><img data-attachment-id=\"2128\" data-permalink=\"https:\/\/7geisslein.com\/?attachment_id=2128\" data-orig-file=\"https:\/\/7geisslein.com\/wp-content\/uploads\/2017\/05\/image7.jpg\" data-orig-size=\"2448,3264\" data-comments-opened=\"1\" data-image-meta=\"{&quot;aperture&quot;:&quot;0&quot;,&quot;credit&quot;:&quot;&quot;,&quot;camera&quot;:&quot;&quot;,&quot;caption&quot;:&quot;&quot;,&quot;created_timestamp&quot;:&quot;0&quot;,&quot;copyright&quot;:&quot;&quot;,&quot;focal_length&quot;:&quot;0&quot;,&quot;iso&quot;:&quot;0&quot;,&quot;shutter_speed&quot;:&quot;0&quot;,&quot;title&quot;:&quot;&quot;,&quot;orientation&quot;:&quot;1&quot;}\" data-image-title=\"image\" data-image-description=\"\" data-image-caption=\"\" data-medium-file=\"https:\/\/7geisslein.com\/wp-content\/uploads\/2017\/05\/image7.jpg\" data-large-file=\"https:\/\/7geisslein.com\/wp-content\/uploads\/2017\/05\/image7.jpg\" loading=\"lazy\" class=\"alignnone size-full wp-image-2128\" src=\"http:\/\/7geisslein.com\/wp-content\/uploads\/2017\/05\/image7.jpg\" alt=\"image\" width=\"2448\" height=\"3264\" \/><\/p>\n<p>Am Sonntag dann waren wir zur Feier der Erstkommunion unserer Tochter alle ganz unfassbar h\u00fcbsch zurechtgemacht. Alle Haare frisiert, die Buben und der Gatte in Hemden und Krawatten, alle Damen der Familie \u00a0in sch\u00f6nen Kleidern. Am h\u00fcbschesten nat\u00fcrlich unser Kommunionm\u00e4dchen, die wirklich zauberhaft aussah mit ihrem Kleid, ihrem Haarschmuck und ihrem strahlenden Gesicht. Die ganze Pracht hielt selbstverst\u00e4ndlich \u00a0nicht lange, je nach Pers\u00f6nlichkeit kaum bis nach dem Gottesdienst und der Anfertigung einiger Fotos. Dann mischten sich schon Saucenspritzer mit einigen Flecken Mousse au chocolat, zerrissen beim Spielen feine Strumpfhosen und ein Regenschlammgemisch zierte dunkelblaue Hosen.<\/p>\n<p>Aber so h\u00fcbsch und pr\u00e4chtig wir alle an diesem Morgen waren, am sch\u00f6nsten sah mein M\u00e4dchen aus, als es mit wehendem Haar und wei\u00dfem Kleid selbstvergessen und v\u00f6llig entspannt durch den Regen rollerte- ein Bild wie ein Gem\u00e4lde. Am sch\u00f6nsten ist sie fr\u00fch am Morgen, wenn sie noch schlafwarm und zerwuschelt aus dem Bett aufsteht oder versunken durchs Wohnzimmer tanzt. Mein gro\u00dfer Junge hat eine Art seinen Kopf in den Nacken zu legen und von ganzem, tiefen Herzen zu lachen, es kullert ganz unten aus ihm heraus und ist nicht nur ansteckend sondern ganz unglaublich sch\u00f6n. Nie ist mein Erstkl\u00e4ssler sch\u00f6ner, als wenn er mit hochrotem Kopf, ersch\u00f6pft und gl\u00fccklich von einem Fu\u00dfballplatz wankt. Wenn er v\u00f6llig vertieft ist in ein Bilderbuch. Wenn er eine Schleichwelt baut, gel\u00f6st und voller Frieden. Es sind zauberhafte Momente, wenn sich meine Kleinen scheinbar unbemerkt in den Armen halten. Wenn sie ins Spiel versunken sind oder in den Armen ihres Vaters schlafen. Selbstverst\u00e4ndlich sind meine Kinder die sch\u00f6nsten Kinder der Welt, gar keine Frage. Alle Kinder dieser Welt sollten die sch\u00f6nsten sein, weil liebende Augen auf ihnen ruhen und die Liebe Sch\u00f6nheit sichtbar macht. Sch\u00f6nheit, wenn ich es recht bedenke, bedeutet wohl nicht optische Makellosigkeit. Sch\u00f6n sind wir vielmehr dann, wenn wir ganz bei uns sind und ein liebevoller Blick mitten in unser Herz f\u00e4llt. Ich hoffe, dass f\u00e4llt mir wieder ein, wenn ich das n\u00e4chste Mal morgens fr\u00fch um sechs vor meinem zerknitterten Gesicht im Badezimmerspiegel erschrecke. Ich bin sch\u00f6n, weil ich geliebt bin. Und weil ich darauf vertrauen darf, dass derselbe Blick, mit dem ich die unvergleichliche Sch\u00f6nheit meiner Kinder sehe, auch auf mir ruht. Weil ich ein Kind Gottes bin. Und du auch.<\/p>\n<div class=\"sharedaddy sd-sharing-enabled\"><div class=\"robots-nocontent sd-block sd-social sd-social-official sd-sharing\"><h3 class=\"sd-title\">Teilen mit:<\/h3><div class=\"sd-content\"><ul><li class=\"share-twitter\"><a href=\"https:\/\/twitter.com\/share\" class=\"twitter-share-button\" data-url=\"https:\/\/7geisslein.com\/?p=2124\" data-text=\"Im Auge des Betrachters\"  >Tweet<\/a><\/li><li class=\"share-facebook\"><div class=\"fb-share-button\" data-href=\"https:\/\/7geisslein.com\/?p=2124\" data-layout=\"button_count\"><\/div><\/li><li class=\"share-jetpack-whatsapp\"><a rel=\"nofollow noopener noreferrer\" data-shared=\"\" class=\"share-jetpack-whatsapp sd-button\" href=\"https:\/\/7geisslein.com\/?p=2124&amp;share=jetpack-whatsapp\" target=\"_blank\" title=\"Klicken, um auf WhatsApp zu teilen\" ><span>WhatsApp<\/span><\/a><\/li><li><a href=\"#\" class=\"sharing-anchor sd-button share-more\"><span>Mehr<\/span><\/a><\/li><li class=\"share-end\"><\/li><\/ul><div class=\"sharing-hidden\"><div class=\"inner\" style=\"display: none;width:150px;\"><ul style=\"background-image:none;\"><li class=\"share-pinterest\"><div class=\"pinterest_button\"><a href=\"https:\/\/www.pinterest.com\/pin\/create\/button\/?url=https%3A%2F%2F7geisslein.com%2F%3Fp%3D2124&#038;media=https%3A%2F%2F7geisslein.com%2Fwp-content%2Fuploads%2F2017%2F05%2Fimage5.jpg&#038;description=Im%20Auge%20des%20Betrachters\" data-pin-do=\"buttonPin\" data-pin-config=\"beside\"><img src=\"\/\/assets.pinterest.com\/images\/pidgets\/pinit_fg_en_rect_gray_20.png\" \/><\/a><\/div><\/li><li class=\"share-end\"><\/li><\/ul><\/div><\/div><\/div><\/div><\/div>","protected":false},"excerpt":{"rendered":"<p>Irgendwann letzte Woche kroch ich, wie jeden Morgen, fr\u00fch um sechs unausgeschlafen und zerknautscht aus meinem Bett, wankte ins Badezimmer und versuchte gleichzeitig einen F\u00fcnftkl\u00e4ssler zu wecken und dabei den richtigen Weg in meine Klamotten zu finden. Dringend n\u00f6tige Renovierungsarbeiten an Gesicht und Frisur vertagte ich auf sp\u00e4ter- soviel Zeit hat das gro\u00dfe Schulkind am &hellip;<\/p>\n<p class=\"read-more\"> <a class=\"\" href=\"https:\/\/7geisslein.com\/?p=2124\"> <span class=\"screen-reader-text\">Im Auge des Betrachters<\/span> Weiterlesen \u00bb<\/a><\/p>\n<div class=\"sharedaddy sd-sharing-enabled\"><div class=\"robots-nocontent sd-block sd-social sd-social-official sd-sharing\"><h3 class=\"sd-title\">Teilen mit:<\/h3><div class=\"sd-content\"><ul><li class=\"share-twitter\"><a href=\"https:\/\/twitter.com\/share\" class=\"twitter-share-button\" data-url=\"https:\/\/7geisslein.com\/?p=2124\" data-text=\"Im Auge des Betrachters\"  >Tweet<\/a><\/li><li class=\"share-facebook\"><div class=\"fb-share-button\" data-href=\"https:\/\/7geisslein.com\/?p=2124\" data-layout=\"button_count\"><\/div><\/li><li class=\"share-jetpack-whatsapp\"><a rel=\"nofollow noopener noreferrer\" data-shared=\"\" class=\"share-jetpack-whatsapp sd-button\" href=\"https:\/\/7geisslein.com\/?p=2124&amp;share=jetpack-whatsapp\" target=\"_blank\" title=\"Klicken, um auf WhatsApp zu teilen\" ><span>WhatsApp<\/span><\/a><\/li><li><a href=\"#\" class=\"sharing-anchor sd-button share-more\"><span>Mehr<\/span><\/a><\/li><li class=\"share-end\"><\/li><\/ul><div class=\"sharing-hidden\"><div class=\"inner\" style=\"display: none;width:150px;\"><ul style=\"background-image:none;\"><li class=\"share-pinterest\"><div class=\"pinterest_button\"><a href=\"https:\/\/www.pinterest.com\/pin\/create\/button\/?url=https%3A%2F%2F7geisslein.com%2F%3Fp%3D2124&#038;media=https%3A%2F%2F7geisslein.com%2Fwp-content%2Fuploads%2F2017%2F05%2Fimage5.jpg&#038;description=Im%20Auge%20des%20Betrachters\" data-pin-do=\"buttonPin\" data-pin-config=\"beside\"><img src=\"\/\/assets.pinterest.com\/images\/pidgets\/pinit_fg_en_rect_gray_20.png\" \/><\/a><\/div><\/li><li class=\"share-end\"><\/li><\/ul><\/div><\/div><\/div><\/div><\/div>","protected":false},"author":106301022,"featured_media":2126,"comment_status":"open","ping_status":"open","sticky":false,"template":"","format":"standard","meta":{"advanced_seo_description":"","site-sidebar-layout":"default","site-content-layout":"default","ast-global-header-display":"","ast-main-header-display":"","ast-hfb-above-header-display":"","ast-hfb-below-header-display":"","ast-hfb-mobile-header-display":"","site-post-title":"","ast-breadcrumbs-content":"","ast-featured-img":"","footer-sml-layout":"","theme-transparent-header-meta":"","adv-header-id-meta":"","stick-header-meta":"","header-above-stick-meta":"","header-main-stick-meta":"","header-below-stick-meta":"","jetpack_publicize_message":"","jetpack_is_tweetstorm":false,"jetpack_publicize_feature_enabled":true},"categories":[2710,27438546,19576,188194],"tags":[],"jetpack_publicize_connections":[],"jetpack_featured_media_url":"https:\/\/7geisslein.com\/wp-content\/uploads\/2017\/05\/image5.jpg","jetpack_likes_enabled":true,"jetpack_sharing_enabled":true,"jetpack_shortlink":"https:\/\/wp.me\/pe8oxX-yg","_links":{"self":[{"href":"https:\/\/7geisslein.com\/index.php?rest_route=\/wp\/v2\/posts\/2124"}],"collection":[{"href":"https:\/\/7geisslein.com\/index.php?rest_route=\/wp\/v2\/posts"}],"about":[{"href":"https:\/\/7geisslein.com\/index.php?rest_route=\/wp\/v2\/types\/post"}],"author":[{"embeddable":true,"href":"https:\/\/7geisslein.com\/index.php?rest_route=\/wp\/v2\/users\/106301022"}],"replies":[{"embeddable":true,"href":"https:\/\/7geisslein.com\/index.php?rest_route=%2Fwp%2Fv2%2Fcomments&post=2124"}],"version-history":[{"count":2,"href":"https:\/\/7geisslein.com\/index.php?rest_route=\/wp\/v2\/posts\/2124\/revisions"}],"predecessor-version":[{"id":2129,"href":"https:\/\/7geisslein.com\/index.php?rest_route=\/wp\/v2\/posts\/2124\/revisions\/2129"}],"wp:featuredmedia":[{"embeddable":true,"href":"https:\/\/7geisslein.com\/index.php?rest_route=\/wp\/v2\/media\/2126"}],"wp:attachment":[{"href":"https:\/\/7geisslein.com\/index.php?rest_route=%2Fwp%2Fv2%2Fmedia&parent=2124"}],"wp:term":[{"taxonomy":"category","embeddable":true,"href":"https:\/\/7geisslein.com\/index.php?rest_route=%2Fwp%2Fv2%2Fcategories&post=2124"},{"taxonomy":"post_tag","embeddable":true,"href":"https:\/\/7geisslein.com\/index.php?rest_route=%2Fwp%2Fv2%2Ftags&post=2124"}],"curies":[{"name":"wp","href":"https:\/\/api.w.org\/{rel}","templated":true}]}}