{"id":658,"date":"2016-10-24T11:18:36","date_gmt":"2016-10-24T09:18:36","guid":{"rendered":"http:\/\/7geisslein.com\/?p=658"},"modified":"2016-10-24T11:18:55","modified_gmt":"2016-10-24T09:18:55","slug":"vom-segen-des-segens","status":"publish","type":"post","link":"https:\/\/7geisslein.com\/?p=658","title":{"rendered":"Vom Segen des Segens"},"content":{"rendered":"<p>Oh, heute ist ein sehr aufregender Tag f\u00fcr mich. Nicht nur, dass die Schule bei uns wieder beginnt und den Jahresendspurt einl\u00e4utet (dass ist nicht aufregend, sondern be\u00e4ngstigend, bestenfalls etwas deprimierend, mpf)<\/p>\n<p>Nein heute beginnt ganz offiziell die Erstkommunionvorbereitung meiner Tochter und ich darf mich mit ihr auf den Weg machen. Von berufswegen bin ich eigentlich eine alte H\u00e4sin, was die Erstkommunionvorbereitung angeht, aber es ist jedes Mal eine sehr aufregende Sache sich mit einer Gruppe Kinder auf diesen besonderen Weg zu machen, gerade wenn das eigene Kind mit dabei ist. Und so sehe ich sehr gespannt dem heutigen Nachmittag entgegen, an dem ich zum ersten Mal meine kleine Gruppe bestehend aus sechs M\u00e4dchen begr\u00fc\u00dfen darf. Werde ich die richtigen Worte finden? Werde ich glaubhaft und \u00fcberzeugend von Jesus und der Liebe Gottes erz\u00e4hlen k\u00f6nnen? Wird der Funke \u00fcberspringen, sich vielleicht entz\u00fcnden und als Feuer in ihrem Inneren weiterbrennen? Wird es ein guter gemeinsamer Weg, der einen langen Atem braucht und hoffentlich im Mai mit einem sch\u00f6nen Ferst endet? Fragen \u00fcber Fragen. Eine aufregende Sache.<\/p>\n<p>Der eigentliche Startschu\u00df f\u00fcr die Vorbereitung fiel schon vor einigen Wochen bei einem gemeinsamen Gottesdienst aller Kommunionkinder unserer Pfarrgruppe, deren Eltern und Geschwistern und und und.Erfahrungsgem\u00e4\u00df sind solche Gottesdienste sehr unruhig und wuselig, eher nervend als ermutigend. Es ist nun mal so, dass der Gro\u00dfteil derer, die sich da auf den Weg machen, keine Ahnung hat, warum sie das eigentlich tut. Sie f\u00fchlen sich fremd und unwohl in der ihnen fremden Umgebung. Manche sind peinlich ber\u00fchrt, unsicher und zweifelnd im Angesicht all der Merkw\u00fcrdigkeiten, die im Laufe einer Messe so passieren. Viele Kinder haben au\u00dferhalb des Religionsunterrichtes noch nie von Jesus geh\u00f6rt.Ich finde das nicht schlimm. Man muss nicht schon \u00fcberzeugt sein, um sich auf den Weg machen zu d\u00fcrfen. Bei manchen mag es vielleicht nur noch eine alte Tradition sein, aber es steht mir nicht zu, das zu be oder gar zu verurteilen. Derr Geist weht wo er will. Und dieser Gottesdienst zeigte genau das. Im Anschlu\u00df der sehr liebevoll gestalteten Messe wurde, f\u00fcr katholische Gottesdienste un\u00fcblich, eine Einzelsegnung angeboten, als St\u00e4rkung f\u00fcr die Kinder und deren Familie. Absolut freiwillig und ohne jedes Muss. Und sie kamen alle. Die erfahrenen Gl\u00e4ubigen, die Zweifelnden und die Peinlichber\u00fchrten. Die \u00dcberzeugungst\u00e4ter und die Fragenden. Ruhe kehrt ein. An der ein oder anderen Stelle flossen Tr\u00e4nen. Eine eigent\u00fcmliche Atmosph\u00e4re von Ergriffenheit und Heiterkeit wurde sp\u00fcrbar. Der Geist Gottes weht wo er will. Ich sah von Ferne mein M\u00e4dchen nach vorne gehen und war zutiefst berr\u00fchrt. Sie macht sich auf den Weg und sie wird so gro\u00df dabei, Aber sie muss diesen Weg nicht alleine gehen, ich darf sie beh\u00fctet wissen. Und vielleicht ist es letztlich das, was alle Eltern eint, egal welcher Glaubensrichtung oder intensit\u00e4t sie angeh\u00f6ren. Der tiefe Wunsch, dass das eigene Kind beh\u00fctet sein m\u00f6ge und das Wissen, dass das au\u00dferhalb unseres menschlichen Verm\u00f6gens liegt. Ich ging auch nach vorne, sp\u00fcrte die Schwere menschlicher H\u00e4nde auf meinem Kopf, vor allem aber sp\u00fcrte ich Kraft und Trost.<\/p>\n<p>Es liegt ein Segen im Segen. Er sagt uns zu, dass wir geliebt und beh\u00fctet sind. Und so segne ich meine Kinder vor jedem Schlafengehen, an jedem Morgen, wenn sie in die Schule gehen. Manchmal schenken sie mir diesen Segen zur\u00fcck und dann freue ich mich sehr. Ich bitte um Segen f\u00fcr die Vorbereitungszeit, die heute beginnt. Um die richtigen Worte. Um einen Funken, der \u00fcberspringt<\/p>\n<p><img data-attachment-id=\"657\" data-permalink=\"https:\/\/7geisslein.com\/?attachment_id=657\" data-orig-file=\"https:\/\/7geisslein.com\/wp-content\/uploads\/2016\/10\/image14.jpg\" data-orig-size=\"3264,2448\" data-comments-opened=\"1\" data-image-meta=\"{&quot;aperture&quot;:&quot;0&quot;,&quot;credit&quot;:&quot;&quot;,&quot;camera&quot;:&quot;&quot;,&quot;caption&quot;:&quot;&quot;,&quot;created_timestamp&quot;:&quot;0&quot;,&quot;copyright&quot;:&quot;&quot;,&quot;focal_length&quot;:&quot;0&quot;,&quot;iso&quot;:&quot;0&quot;,&quot;shutter_speed&quot;:&quot;0&quot;,&quot;title&quot;:&quot;&quot;,&quot;orientation&quot;:&quot;1&quot;}\" data-image-title=\"image\" data-image-description=\"\" data-image-caption=\"\" data-medium-file=\"https:\/\/7geisslein.com\/wp-content\/uploads\/2016\/10\/image14.jpg\" data-large-file=\"https:\/\/7geisslein.com\/wp-content\/uploads\/2016\/10\/image14.jpg\" loading=\"lazy\" class=\"alignnone size-full wp-image-657\" src=\"http:\/\/7geisslein.com\/wp-content\/uploads\/2016\/10\/image14.jpg\" alt=\"image\" width=\"3264\" height=\"2448\" \/><\/p>\n<div class=\"sharedaddy sd-sharing-enabled\"><div class=\"robots-nocontent sd-block sd-social sd-social-official sd-sharing\"><h3 class=\"sd-title\">Teilen mit:<\/h3><div class=\"sd-content\"><ul><li class=\"share-twitter\"><a href=\"https:\/\/twitter.com\/share\" class=\"twitter-share-button\" data-url=\"https:\/\/7geisslein.com\/?p=658\" data-text=\"Vom Segen des Segens\"  >Tweet<\/a><\/li><li class=\"share-facebook\"><div class=\"fb-share-button\" data-href=\"https:\/\/7geisslein.com\/?p=658\" data-layout=\"button_count\"><\/div><\/li><li class=\"share-jetpack-whatsapp\"><a rel=\"nofollow noopener noreferrer\" data-shared=\"\" class=\"share-jetpack-whatsapp sd-button\" href=\"https:\/\/7geisslein.com\/?p=658&amp;share=jetpack-whatsapp\" target=\"_blank\" title=\"Klicken, um auf WhatsApp zu teilen\" ><span>WhatsApp<\/span><\/a><\/li><li><a href=\"#\" class=\"sharing-anchor sd-button share-more\"><span>Mehr<\/span><\/a><\/li><li class=\"share-end\"><\/li><\/ul><div class=\"sharing-hidden\"><div class=\"inner\" style=\"display: none;width:150px;\"><ul style=\"background-image:none;\"><li class=\"share-pinterest\"><div class=\"pinterest_button\"><a href=\"https:\/\/www.pinterest.com\/pin\/create\/button\/?url=https%3A%2F%2F7geisslein.com%2F%3Fp%3D658&#038;media=https%3A%2F%2F7geisslein.com%2Fwp-content%2Fuploads%2F2016%2F10%2Fimage13.jpg&#038;description=Vom%20Segen%20des%20Segens\" data-pin-do=\"buttonPin\" data-pin-config=\"beside\"><img src=\"\/\/assets.pinterest.com\/images\/pidgets\/pinit_fg_en_rect_gray_20.png\" \/><\/a><\/div><\/li><li class=\"share-end\"><\/li><\/ul><\/div><\/div><\/div><\/div><\/div>","protected":false},"excerpt":{"rendered":"<p>Oh, heute ist ein sehr aufregender Tag f\u00fcr mich. Nicht nur, dass die Schule bei uns wieder beginnt und den Jahresendspurt einl\u00e4utet (dass ist nicht aufregend, sondern be\u00e4ngstigend, bestenfalls etwas deprimierend, mpf) Nein heute beginnt ganz offiziell die Erstkommunionvorbereitung meiner Tochter und ich darf mich mit ihr auf den Weg machen. Von berufswegen bin ich &hellip;<\/p>\n<p class=\"read-more\"> <a class=\"\" href=\"https:\/\/7geisslein.com\/?p=658\"> <span class=\"screen-reader-text\">Vom Segen des Segens<\/span> Weiterlesen \u00bb<\/a><\/p>\n<div class=\"sharedaddy sd-sharing-enabled\"><div class=\"robots-nocontent sd-block sd-social sd-social-official sd-sharing\"><h3 class=\"sd-title\">Teilen mit:<\/h3><div class=\"sd-content\"><ul><li class=\"share-twitter\"><a href=\"https:\/\/twitter.com\/share\" class=\"twitter-share-button\" data-url=\"https:\/\/7geisslein.com\/?p=658\" data-text=\"Vom Segen des Segens\"  >Tweet<\/a><\/li><li class=\"share-facebook\"><div class=\"fb-share-button\" data-href=\"https:\/\/7geisslein.com\/?p=658\" data-layout=\"button_count\"><\/div><\/li><li class=\"share-jetpack-whatsapp\"><a rel=\"nofollow noopener noreferrer\" data-shared=\"\" class=\"share-jetpack-whatsapp sd-button\" href=\"https:\/\/7geisslein.com\/?p=658&amp;share=jetpack-whatsapp\" target=\"_blank\" title=\"Klicken, um auf WhatsApp zu teilen\" ><span>WhatsApp<\/span><\/a><\/li><li><a href=\"#\" class=\"sharing-anchor sd-button share-more\"><span>Mehr<\/span><\/a><\/li><li class=\"share-end\"><\/li><\/ul><div class=\"sharing-hidden\"><div class=\"inner\" style=\"display: none;width:150px;\"><ul style=\"background-image:none;\"><li class=\"share-pinterest\"><div class=\"pinterest_button\"><a href=\"https:\/\/www.pinterest.com\/pin\/create\/button\/?url=https%3A%2F%2F7geisslein.com%2F%3Fp%3D658&#038;media=https%3A%2F%2F7geisslein.com%2Fwp-content%2Fuploads%2F2016%2F10%2Fimage13.jpg&#038;description=Vom%20Segen%20des%20Segens\" data-pin-do=\"buttonPin\" data-pin-config=\"beside\"><img src=\"\/\/assets.pinterest.com\/images\/pidgets\/pinit_fg_en_rect_gray_20.png\" \/><\/a><\/div><\/li><li class=\"share-end\"><\/li><\/ul><\/div><\/div><\/div><\/div><\/div>","protected":false},"author":106301022,"featured_media":656,"comment_status":"open","ping_status":"open","sticky":false,"template":"","format":"standard","meta":{"advanced_seo_description":"","site-sidebar-layout":"default","site-content-layout":"default","ast-global-header-display":"","ast-main-header-display":"","ast-hfb-above-header-display":"","ast-hfb-below-header-display":"","ast-hfb-mobile-header-display":"","site-post-title":"","ast-breadcrumbs-content":"","ast-featured-img":"","footer-sml-layout":"","theme-transparent-header-meta":"","adv-header-id-meta":"","stick-header-meta":"","header-above-stick-meta":"","header-main-stick-meta":"","header-below-stick-meta":"","jetpack_publicize_message":"","jetpack_is_tweetstorm":false,"jetpack_publicize_feature_enabled":true},"categories":[2710,19576,188194],"tags":[],"jetpack_publicize_connections":[],"jetpack_featured_media_url":"https:\/\/7geisslein.com\/wp-content\/uploads\/2016\/10\/image13.jpg","jetpack_likes_enabled":true,"jetpack_sharing_enabled":true,"jetpack_shortlink":"https:\/\/wp.me\/pe8oxX-aC","_links":{"self":[{"href":"https:\/\/7geisslein.com\/index.php?rest_route=\/wp\/v2\/posts\/658"}],"collection":[{"href":"https:\/\/7geisslein.com\/index.php?rest_route=\/wp\/v2\/posts"}],"about":[{"href":"https:\/\/7geisslein.com\/index.php?rest_route=\/wp\/v2\/types\/post"}],"author":[{"embeddable":true,"href":"https:\/\/7geisslein.com\/index.php?rest_route=\/wp\/v2\/users\/106301022"}],"replies":[{"embeddable":true,"href":"https:\/\/7geisslein.com\/index.php?rest_route=%2Fwp%2Fv2%2Fcomments&post=658"}],"version-history":[{"count":16,"href":"https:\/\/7geisslein.com\/index.php?rest_route=\/wp\/v2\/posts\/658\/revisions"}],"predecessor-version":[{"id":674,"href":"https:\/\/7geisslein.com\/index.php?rest_route=\/wp\/v2\/posts\/658\/revisions\/674"}],"wp:featuredmedia":[{"embeddable":true,"href":"https:\/\/7geisslein.com\/index.php?rest_route=\/wp\/v2\/media\/656"}],"wp:attachment":[{"href":"https:\/\/7geisslein.com\/index.php?rest_route=%2Fwp%2Fv2%2Fmedia&parent=658"}],"wp:term":[{"taxonomy":"category","embeddable":true,"href":"https:\/\/7geisslein.com\/index.php?rest_route=%2Fwp%2Fv2%2Fcategories&post=658"},{"taxonomy":"post_tag","embeddable":true,"href":"https:\/\/7geisslein.com\/index.php?rest_route=%2Fwp%2Fv2%2Ftags&post=658"}],"curies":[{"name":"wp","href":"https:\/\/api.w.org\/{rel}","templated":true}]}}