{"id":6868,"date":"2020-11-03T12:39:40","date_gmt":"2020-11-03T10:39:40","guid":{"rendered":"http:\/\/7geisslein.com\/?p=6868"},"modified":"2020-11-03T12:39:40","modified_gmt":"2020-11-03T10:39:40","slug":"nebelleuchten-im-november","status":"publish","type":"post","link":"https:\/\/7geisslein.com\/?p=6868","title":{"rendered":"Nebelleuchten im November"},"content":{"rendered":"\n<p>Jedes Jahr, am Morgen des ersten Novembers, frage ich mich aufrichtig, woher denn das Wetter so genau wei\u00df, dass jetzt November ist, und dass zu einem ordentlichen Allerheiligentag auch ein ordentlicher Regen geh\u00f6rt, bitte sch\u00f6n. In der letzten Oktobernacht wird der gro\u00dfe Lichtschalter umgelegt und das Jahr biegt auf die unbeleuchtete Schlussbahn ein.  Deshalb regnet es am 1. November immer, seit ich zur\u00fcckdenken kann. Immer stapfen wir mit regenfeuchtem Gesichtern und tief in die Stirn gezogenen Kapuzen durch graue Nebelsuppe \u00fcber den Friedhof, z\u00fcnden mit klammen Fingern das Lichtlein an und sind heilfroh, so schnell wie m\u00f6glich in unser trockenes Daheim zu kommen. <\/p>\n\n\n\n<figure class=\"wp-container-2 wp-block-gallery-1 wp-block-gallery columns-3 is-cropped\"><ul data-carousel-extra='{\"blog_id\":1,\"permalink\":\"https:\\\/\\\/7geisslein.com\\\/?p=6868\"}' class=\"blocks-gallery-grid\"><li class=\"blocks-gallery-item\"><figure><img data-attachment-id=\"6878\" data-permalink=\"https:\/\/7geisslein.com\/?attachment_id=6878\" data-orig-file=\"https:\/\/7geisslein.com\/wp-content\/uploads\/2020\/11\/20201102_144218.jpg\" data-orig-size=\"3024,4032\" data-comments-opened=\"1\" data-image-meta=\"{&quot;aperture&quot;:&quot;1.7&quot;,&quot;credit&quot;:&quot;&quot;,&quot;camera&quot;:&quot;SM-A505FN&quot;,&quot;caption&quot;:&quot;&quot;,&quot;created_timestamp&quot;:&quot;1604328138&quot;,&quot;copyright&quot;:&quot;&quot;,&quot;focal_length&quot;:&quot;3.93&quot;,&quot;iso&quot;:&quot;250&quot;,&quot;shutter_speed&quot;:&quot;0.02&quot;,&quot;title&quot;:&quot;&quot;,&quot;orientation&quot;:&quot;1&quot;,&quot;latitude&quot;:&quot;49.8658458&quot;,&quot;longitude&quot;:&quot;8.3206935&quot;}\" data-image-title=\"20201102_144218.jpg\" data-image-description=\"\" data-image-caption=\"\" data-medium-file=\"https:\/\/7geisslein.com\/wp-content\/uploads\/2020\/11\/20201102_144218.jpg\" data-large-file=\"https:\/\/7geisslein.com\/wp-content\/uploads\/2020\/11\/20201102_144218.jpg\" loading=\"lazy\" width=\"3024\" height=\"4032\" src=\"http:\/\/7geisslein.com\/wp-content\/uploads\/2020\/11\/20201102_144218.jpg?w=768\" alt=\"\" data-id=\"6878\" class=\"wp-image-6878\" \/><\/figure><\/li><li class=\"blocks-gallery-item\"><figure><img data-attachment-id=\"6895\" data-permalink=\"https:\/\/7geisslein.com\/?attachment_id=6895\" data-orig-file=\"https:\/\/7geisslein.com\/wp-content\/uploads\/2020\/11\/20201025_110606.jpg\" data-orig-size=\"3024,4032\" data-comments-opened=\"1\" data-image-meta=\"{&quot;aperture&quot;:&quot;1.7&quot;,&quot;credit&quot;:&quot;&quot;,&quot;camera&quot;:&quot;SM-A505FN&quot;,&quot;caption&quot;:&quot;&quot;,&quot;created_timestamp&quot;:&quot;1603623966&quot;,&quot;copyright&quot;:&quot;&quot;,&quot;focal_length&quot;:&quot;3.93&quot;,&quot;iso&quot;:&quot;40&quot;,&quot;shutter_speed&quot;:&quot;8.8999644001424E-5&quot;,&quot;title&quot;:&quot;&quot;,&quot;orientation&quot;:&quot;1&quot;,&quot;latitude&quot;:&quot;49.6248773&quot;,&quot;longitude&quot;:&quot;7.9350673&quot;}\" data-image-title=\"20201025_110606.jpg\" data-image-description=\"\" data-image-caption=\"\" data-medium-file=\"https:\/\/7geisslein.com\/wp-content\/uploads\/2020\/11\/20201025_110606.jpg\" data-large-file=\"https:\/\/7geisslein.com\/wp-content\/uploads\/2020\/11\/20201025_110606.jpg\" loading=\"lazy\" width=\"3024\" height=\"4032\" src=\"http:\/\/7geisslein.com\/wp-content\/uploads\/2020\/11\/20201025_110606.jpg?w=768\" alt=\"\" data-id=\"6895\" class=\"wp-image-6895\" \/><\/figure><\/li><li class=\"blocks-gallery-item\"><figure><img data-attachment-id=\"6882\" data-permalink=\"https:\/\/7geisslein.com\/?attachment_id=6882\" data-orig-file=\"https:\/\/7geisslein.com\/wp-content\/uploads\/2020\/11\/20201031_213818.jpg\" data-orig-size=\"3024,4032\" data-comments-opened=\"1\" data-image-meta=\"{&quot;aperture&quot;:&quot;1.7&quot;,&quot;credit&quot;:&quot;&quot;,&quot;camera&quot;:&quot;SM-A505FN&quot;,&quot;caption&quot;:&quot;&quot;,&quot;created_timestamp&quot;:&quot;1604180299&quot;,&quot;copyright&quot;:&quot;&quot;,&quot;focal_length&quot;:&quot;3.93&quot;,&quot;iso&quot;:&quot;1250&quot;,&quot;shutter_speed&quot;:&quot;0.1&quot;,&quot;title&quot;:&quot;&quot;,&quot;orientation&quot;:&quot;1&quot;,&quot;latitude&quot;:&quot;49.8659297&quot;,&quot;longitude&quot;:&quot;8.32058609972&quot;}\" data-image-title=\"20201031_213818.jpg\" data-image-description=\"\" data-image-caption=\"\" data-medium-file=\"https:\/\/7geisslein.com\/wp-content\/uploads\/2020\/11\/20201031_213818.jpg\" data-large-file=\"https:\/\/7geisslein.com\/wp-content\/uploads\/2020\/11\/20201031_213818.jpg\" loading=\"lazy\" width=\"3024\" height=\"4032\" src=\"http:\/\/7geisslein.com\/wp-content\/uploads\/2020\/11\/20201031_213818.jpg?w=768\" alt=\"\" data-id=\"6882\" class=\"wp-image-6882\" \/><\/figure><\/li><\/ul><\/figure>\n\n\n\n<p>Der November hat es ja eh nie leicht, keiner k\u00e4me ernsthaft auf die Idee mal eine gro\u00dfe romantische Novemberhochzeit zu feiern oder eine Gartenparty auszurichten (au\u00dfer meiner wunderbar verr\u00fcckte Freundin Eva, die kommt auf solche Ideen, aber das ist eine ganz andere Geschichte).  Dieses Jahr hat es das ungeliebte Stiefkind mit dem schmuddeligen \u00c4u\u00dferen, dem welken Haar und den dunklen Ringen unter den Augen nat\u00fcrlich besonders schwer. Es ist schon ein bisschen gemein, dem \u00c4rmsten jetzt auch noch eine Extralast, wie Lockdown zuzumuten, das erh\u00f6ht den Beliebtheitsgrad ja Minimum auf Fu\u00dfpilzlevel. Ich glaube, er hat das St\u00f6hnen und Augenrollen sehr wohl mitbekommen und gibt sich  nun wenigsten wettertechnisch ein wenig mehr M\u00fche. Wir sollten das wirklich w\u00fcrdigen und zu sch\u00e4tzen wissen. Wenn du mich kennst, dann wei\u00dft du ja schon l\u00e4ngst, dass ich ein sehr gro\u00dfes Herz f\u00fcr den November habe. Eingeklemmt zwischen dem farbenfrohen Kraftprotz Oktober und der glitzernden, geheimnissollen Diva Dezember findet er eindeutig zu wenig Beachtung, dabei hat er doch seine ganz eigene Qualit\u00e4ten.  Manchmal m\u00fcssen wir ihn ein wenig unterst\u00fctzen, damit er seine Qualit\u00e4ten auch zeigen kann. Als freundliche Menschen tun wir das nat\u00fcrlich gerne und  helfen ihm, seine Nebelleuchten nicht unter den Scheffel zu stellen. Gerade in diesem Jahr  k\u00f6nnten diese Qualit\u00e4ten dann ein Geschenk sein, auf das wir dringend angewiesen sind. <\/p>\n\n\n\n<figure class=\"wp-container-4 wp-block-gallery-3 wp-block-gallery columns-3 is-cropped\"><ul data-carousel-extra='{\"blog_id\":1,\"permalink\":\"https:\\\/\\\/7geisslein.com\\\/?p=6868\"}' class=\"blocks-gallery-grid\"><li class=\"blocks-gallery-item\"><figure><img data-attachment-id=\"6890\" data-permalink=\"https:\/\/7geisslein.com\/?attachment_id=6890\" data-orig-file=\"https:\/\/7geisslein.com\/wp-content\/uploads\/2020\/11\/20201029_163438.jpg\" data-orig-size=\"3024,4032\" data-comments-opened=\"1\" data-image-meta=\"{&quot;aperture&quot;:&quot;1.7&quot;,&quot;credit&quot;:&quot;&quot;,&quot;camera&quot;:&quot;SM-A505FN&quot;,&quot;caption&quot;:&quot;&quot;,&quot;created_timestamp&quot;:&quot;1603989278&quot;,&quot;copyright&quot;:&quot;&quot;,&quot;focal_length&quot;:&quot;3.93&quot;,&quot;iso&quot;:&quot;160&quot;,&quot;shutter_speed&quot;:&quot;0.03030303030303&quot;,&quot;title&quot;:&quot;&quot;,&quot;orientation&quot;:&quot;1&quot;,&quot;latitude&quot;:&quot;49.8658563997&quot;,&quot;longitude&quot;:&quot;8.32068809972&quot;}\" data-image-title=\"20201029_163438.jpg\" data-image-description=\"\" data-image-caption=\"\" data-medium-file=\"https:\/\/7geisslein.com\/wp-content\/uploads\/2020\/11\/20201029_163438.jpg\" data-large-file=\"https:\/\/7geisslein.com\/wp-content\/uploads\/2020\/11\/20201029_163438.jpg\" loading=\"lazy\" width=\"3024\" height=\"4032\" src=\"http:\/\/7geisslein.com\/wp-content\/uploads\/2020\/11\/20201029_163438.jpg?w=768\" alt=\"\" data-id=\"6890\" class=\"wp-image-6890\" \/><\/figure><\/li><li class=\"blocks-gallery-item\"><figure><img data-attachment-id=\"6893\" data-permalink=\"https:\/\/7geisslein.com\/?attachment_id=6893\" data-orig-file=\"https:\/\/7geisslein.com\/wp-content\/uploads\/2020\/11\/20201031_144523.jpg\" data-orig-size=\"3024,4032\" data-comments-opened=\"1\" data-image-meta=\"{&quot;aperture&quot;:&quot;1.7&quot;,&quot;credit&quot;:&quot;&quot;,&quot;camera&quot;:&quot;SM-A505FN&quot;,&quot;caption&quot;:&quot;&quot;,&quot;created_timestamp&quot;:&quot;1604155523&quot;,&quot;copyright&quot;:&quot;&quot;,&quot;focal_length&quot;:&quot;3.93&quot;,&quot;iso&quot;:&quot;40&quot;,&quot;shutter_speed&quot;:&quot;0.00045495905368517&quot;,&quot;title&quot;:&quot;&quot;,&quot;orientation&quot;:&quot;1&quot;,&quot;latitude&quot;:&quot;49.8744739997&quot;,&quot;longitude&quot;:&quot;8.3263703&quot;}\" data-image-title=\"20201031_144523.jpg\" data-image-description=\"\" data-image-caption=\"\" data-medium-file=\"https:\/\/7geisslein.com\/wp-content\/uploads\/2020\/11\/20201031_144523.jpg\" data-large-file=\"https:\/\/7geisslein.com\/wp-content\/uploads\/2020\/11\/20201031_144523.jpg\" loading=\"lazy\" width=\"3024\" height=\"4032\" src=\"http:\/\/7geisslein.com\/wp-content\/uploads\/2020\/11\/20201031_144523.jpg?w=768\" alt=\"\" data-id=\"6893\" class=\"wp-image-6893\" \/><\/figure><\/li><li class=\"blocks-gallery-item\"><figure><img data-attachment-id=\"6876\" data-permalink=\"https:\/\/7geisslein.com\/?attachment_id=6876\" data-orig-file=\"https:\/\/7geisslein.com\/wp-content\/uploads\/2020\/11\/20201031_155134.jpg\" data-orig-size=\"1024,768\" data-comments-opened=\"1\" data-image-meta=\"{&quot;aperture&quot;:&quot;0&quot;,&quot;credit&quot;:&quot;&quot;,&quot;camera&quot;:&quot;&quot;,&quot;caption&quot;:&quot;&quot;,&quot;created_timestamp&quot;:&quot;0&quot;,&quot;copyright&quot;:&quot;&quot;,&quot;focal_length&quot;:&quot;0&quot;,&quot;iso&quot;:&quot;0&quot;,&quot;shutter_speed&quot;:&quot;0&quot;,&quot;title&quot;:&quot;&quot;,&quot;orientation&quot;:&quot;0&quot;}\" data-image-title=\"20201031_155134.jpg\" data-image-description=\"\" data-image-caption=\"\" data-medium-file=\"https:\/\/7geisslein.com\/wp-content\/uploads\/2020\/11\/20201031_155134.jpg\" data-large-file=\"https:\/\/7geisslein.com\/wp-content\/uploads\/2020\/11\/20201031_155134.jpg\" loading=\"lazy\" width=\"1024\" height=\"768\" src=\"http:\/\/7geisslein.com\/wp-content\/uploads\/2020\/11\/20201031_155134.jpg?w=1024\" alt=\"\" data-id=\"6876\" class=\"wp-image-6876\" \/><\/figure><\/li><\/ul><\/figure>\n\n\n\n<p>Weil man nat\u00fcrlich nicht drumherum kommt, dass dies die dunklen Wochen in eh schon tr\u00fcben Zeiten sind, habe ich mir eine kleine pers\u00f6nliche Challenge vorgenommen. Die Idee ist im \u00dcbrigen gestohlen, ich kann noch nicht mal eine website verlinken, denn ich wei\u00df beim besten Willen nicht mehr, woher dieser Gedankenblitz, der schon Monate alt ist, kam (falls er von dir kam, dann m\u00f6chte ich mich ganz herzlich bedanken, denn ich finde ihn gro\u00dfartig) . In den n\u00e4chsten drei\u00dfig Tagen werde ich drei\u00dfig Postkarten oder Briefe verschicken, an drei\u00dfig Menschen, von denen ich glaube, dass sie ein paar freundliche Worte, einige Herzensgr\u00fc\u00dfe und Freude dringend verdient haben. Echte Post im Briefkasten ist etwas au\u00dferordentlich feines und  handgeschrieben S\u00e4tze, seien es auch nur zwei oder drei, z\u00fcnden ein Lichtchen an, davon bin ich \u00fcberzeugt. Meine ersten Karten sind schon raus, an den Opa, der jetzt ganz alleine ist, weil er mit neunzig Jahren ein wirkliches Risiko tr\u00e4gt. An eine befreundete Lehrerin, von der ich wei\u00df, dass sie, wie viele ihrer Kolleginnen und Kollegen ihr allerbestes gibt, damit es unseren Kindern gut geht und keiner auf der Strecke bleibt. An eine Arzthelferin, die sich jeden Tag die F\u00fc\u00dfe plattl\u00e4uft und \u00dcberstunden in der Infekt-Sprechstunde schiebt.  Man braucht tats\u00e4chlich nur einige Sekunden zu \u00fcberlegen, und dann purzeln einem die Namen nur so ins Gehirn. Und es braucht nur wenige Minuten, um ein paar gute Worte zu verschenken. Du k\u00f6nntest auch eine Sprachnachricht versenden, einen mehrseitigen Brief schreiben oder einfach mal anrufen., nur f\u00fcr den Fall, dass dir jetzt auch ein paar Namen durch den Kopf purzeln. <\/p>\n\n\n\n<figure class=\"wp-container-6 wp-block-gallery-5 wp-block-gallery columns-3 is-cropped\"><ul data-carousel-extra='{\"blog_id\":1,\"permalink\":\"https:\\\/\\\/7geisslein.com\\\/?p=6868\"}' class=\"blocks-gallery-grid\"><li class=\"blocks-gallery-item\"><figure><img data-attachment-id=\"6877\" data-permalink=\"https:\/\/7geisslein.com\/?attachment_id=6877\" data-orig-file=\"https:\/\/7geisslein.com\/wp-content\/uploads\/2020\/11\/20201102_145318.jpg\" data-orig-size=\"3024,4032\" data-comments-opened=\"1\" data-image-meta=\"{&quot;aperture&quot;:&quot;1.7&quot;,&quot;credit&quot;:&quot;&quot;,&quot;camera&quot;:&quot;SM-A505FN&quot;,&quot;caption&quot;:&quot;&quot;,&quot;created_timestamp&quot;:&quot;1604328798&quot;,&quot;copyright&quot;:&quot;&quot;,&quot;focal_length&quot;:&quot;3.93&quot;,&quot;iso&quot;:&quot;64&quot;,&quot;shutter_speed&quot;:&quot;0.02&quot;,&quot;title&quot;:&quot;&quot;,&quot;orientation&quot;:&quot;1&quot;,&quot;latitude&quot;:&quot;49.865853&quot;,&quot;longitude&quot;:&quot;8.3206942&quot;}\" data-image-title=\"20201102_145318.jpg\" data-image-description=\"\" data-image-caption=\"\" data-medium-file=\"https:\/\/7geisslein.com\/wp-content\/uploads\/2020\/11\/20201102_145318.jpg\" data-large-file=\"https:\/\/7geisslein.com\/wp-content\/uploads\/2020\/11\/20201102_145318.jpg\" loading=\"lazy\" width=\"3024\" height=\"4032\" src=\"http:\/\/7geisslein.com\/wp-content\/uploads\/2020\/11\/20201102_145318.jpg?w=768\" alt=\"\" data-id=\"6877\" class=\"wp-image-6877\" \/><\/figure><\/li><li class=\"blocks-gallery-item\"><figure><img data-attachment-id=\"6899\" data-permalink=\"https:\/\/7geisslein.com\/?attachment_id=6899\" data-orig-file=\"https:\/\/7geisslein.com\/wp-content\/uploads\/2020\/11\/20201025_102315.jpg\" data-orig-size=\"3024,4032\" data-comments-opened=\"1\" data-image-meta=\"{&quot;aperture&quot;:&quot;1.7&quot;,&quot;credit&quot;:&quot;&quot;,&quot;camera&quot;:&quot;SM-A505FN&quot;,&quot;caption&quot;:&quot;&quot;,&quot;created_timestamp&quot;:&quot;1603621396&quot;,&quot;copyright&quot;:&quot;&quot;,&quot;focal_length&quot;:&quot;3.93&quot;,&quot;iso&quot;:&quot;40&quot;,&quot;shutter_speed&quot;:&quot;0.0022172949002217&quot;,&quot;title&quot;:&quot;&quot;,&quot;orientation&quot;:&quot;1&quot;,&quot;latitude&quot;:&quot;49.6225475997&quot;,&quot;longitude&quot;:&quot;7.94415859972&quot;}\" data-image-title=\"20201025_102315.jpg\" data-image-description=\"\" data-image-caption=\"\" data-medium-file=\"https:\/\/7geisslein.com\/wp-content\/uploads\/2020\/11\/20201025_102315.jpg\" data-large-file=\"https:\/\/7geisslein.com\/wp-content\/uploads\/2020\/11\/20201025_102315.jpg\" loading=\"lazy\" width=\"3024\" height=\"4032\" src=\"http:\/\/7geisslein.com\/wp-content\/uploads\/2020\/11\/20201025_102315.jpg?w=768\" alt=\"\" data-id=\"6899\" class=\"wp-image-6899\" \/><\/figure><\/li><li class=\"blocks-gallery-item\"><figure><img data-attachment-id=\"6879\" data-permalink=\"https:\/\/7geisslein.com\/?attachment_id=6879\" data-orig-file=\"https:\/\/7geisslein.com\/wp-content\/uploads\/2020\/11\/20201102_144208.jpg\" data-orig-size=\"3024,4032\" data-comments-opened=\"1\" data-image-meta=\"{&quot;aperture&quot;:&quot;1.7&quot;,&quot;credit&quot;:&quot;&quot;,&quot;camera&quot;:&quot;SM-A505FN&quot;,&quot;caption&quot;:&quot;&quot;,&quot;created_timestamp&quot;:&quot;1604328128&quot;,&quot;copyright&quot;:&quot;&quot;,&quot;focal_length&quot;:&quot;3.93&quot;,&quot;iso&quot;:&quot;64&quot;,&quot;shutter_speed&quot;:&quot;0.02&quot;,&quot;title&quot;:&quot;&quot;,&quot;orientation&quot;:&quot;1&quot;,&quot;latitude&quot;:&quot;49.8658458&quot;,&quot;longitude&quot;:&quot;8.3206935&quot;}\" data-image-title=\"20201102_144208.jpg\" data-image-description=\"\" data-image-caption=\"\" data-medium-file=\"https:\/\/7geisslein.com\/wp-content\/uploads\/2020\/11\/20201102_144208.jpg\" data-large-file=\"https:\/\/7geisslein.com\/wp-content\/uploads\/2020\/11\/20201102_144208.jpg\" loading=\"lazy\" width=\"3024\" height=\"4032\" src=\"http:\/\/7geisslein.com\/wp-content\/uploads\/2020\/11\/20201102_144208.jpg?w=768\" alt=\"\" data-id=\"6879\" class=\"wp-image-6879\" \/><\/figure><\/li><\/ul><\/figure>\n\n\n\n<p>Seit ich ein kleines M\u00e4dchen war liebe ich den Martinstag. Nat\u00fcrlich habe ich im Laufe der Jahre einige mehr als gruselige Martinsz\u00fcge erlebt, aber eben auch viele sch\u00f6ne. Ich liebe Laternenlicht in der Dunkelheit, Martinsfeuer und Weckm\u00e4nner und ich liebe die uralte Geschichte vom Teilen und f\u00fcreinander Sorge tragen. In diesem Jahr ist alles abgesagt. Es hindert uns aber nat\u00fcrlich niemand daran, trotzdem die Geschichte von Martin zu erz\u00e4hlen, trotzdem Weckm\u00e4nner zu essen und vielleicht sogar ein Feuer im Garten zu machen. Corona hindert uns auch nicht daran unser Licht zu teilen, in dem wir Laternen in die Fenster stellen und vielleicht ein oder zwei verschenken. <a href=\"https:\/\/bistummainz.de\/glaube\/liturgie\/aktuell\/nachrichten\/nachricht\/Zuend-ein-Licht-an-Aktion-zu-St.-Martin\/\">Hier<\/a> findest du eine tolle Aktion zum mitmachen und gleich noch eine  Vorlage zum Ausdrucken.  Lasst uns das Dunkle ein wenig heller machen.<\/p>\n\n\n\n<figure class=\"wp-container-8 wp-block-gallery-7 wp-block-gallery columns-3 is-cropped\"><ul data-carousel-extra='{\"blog_id\":1,\"permalink\":\"https:\\\/\\\/7geisslein.com\\\/?p=6868\"}' class=\"blocks-gallery-grid\"><li class=\"blocks-gallery-item\"><figure><img data-attachment-id=\"6884\" data-permalink=\"https:\/\/7geisslein.com\/?attachment_id=6884\" data-orig-file=\"https:\/\/7geisslein.com\/wp-content\/uploads\/2020\/11\/20201031_205542.jpg\" data-orig-size=\"3024,4032\" data-comments-opened=\"1\" data-image-meta=\"{&quot;aperture&quot;:&quot;1.7&quot;,&quot;credit&quot;:&quot;&quot;,&quot;camera&quot;:&quot;SM-A505FN&quot;,&quot;caption&quot;:&quot;&quot;,&quot;created_timestamp&quot;:&quot;1604177743&quot;,&quot;copyright&quot;:&quot;&quot;,&quot;focal_length&quot;:&quot;3.93&quot;,&quot;iso&quot;:&quot;125&quot;,&quot;shutter_speed&quot;:&quot;0.02&quot;,&quot;title&quot;:&quot;&quot;,&quot;orientation&quot;:&quot;1&quot;,&quot;latitude&quot;:&quot;49.8658983997&quot;,&quot;longitude&quot;:&quot;8.32098009972&quot;}\" data-image-title=\"20201031_205542.jpg\" data-image-description=\"\" data-image-caption=\"\" data-medium-file=\"https:\/\/7geisslein.com\/wp-content\/uploads\/2020\/11\/20201031_205542.jpg\" data-large-file=\"https:\/\/7geisslein.com\/wp-content\/uploads\/2020\/11\/20201031_205542.jpg\" loading=\"lazy\" width=\"3024\" height=\"4032\" src=\"http:\/\/7geisslein.com\/wp-content\/uploads\/2020\/11\/20201031_205542.jpg?w=768\" alt=\"\" data-id=\"6884\" class=\"wp-image-6884\" \/><\/figure><\/li><li class=\"blocks-gallery-item\"><figure><img data-attachment-id=\"6883\" data-permalink=\"https:\/\/7geisslein.com\/?attachment_id=6883\" data-orig-file=\"https:\/\/7geisslein.com\/wp-content\/uploads\/2020\/11\/20201031_205934.jpg\" data-orig-size=\"3024,4032\" data-comments-opened=\"1\" data-image-meta=\"{&quot;aperture&quot;:&quot;1.7&quot;,&quot;credit&quot;:&quot;&quot;,&quot;camera&quot;:&quot;SM-A505FN&quot;,&quot;caption&quot;:&quot;&quot;,&quot;created_timestamp&quot;:&quot;1604177974&quot;,&quot;copyright&quot;:&quot;&quot;,&quot;focal_length&quot;:&quot;3.93&quot;,&quot;iso&quot;:&quot;1250&quot;,&quot;shutter_speed&quot;:&quot;0.1&quot;,&quot;title&quot;:&quot;&quot;,&quot;orientation&quot;:&quot;1&quot;,&quot;latitude&quot;:&quot;49.8659668&quot;,&quot;longitude&quot;:&quot;8.32069869972&quot;}\" data-image-title=\"20201031_205934.jpg\" data-image-description=\"\" data-image-caption=\"\" data-medium-file=\"https:\/\/7geisslein.com\/wp-content\/uploads\/2020\/11\/20201031_205934.jpg\" data-large-file=\"https:\/\/7geisslein.com\/wp-content\/uploads\/2020\/11\/20201031_205934.jpg\" loading=\"lazy\" width=\"3024\" height=\"4032\" src=\"http:\/\/7geisslein.com\/wp-content\/uploads\/2020\/11\/20201031_205934.jpg?w=768\" alt=\"\" data-id=\"6883\" class=\"wp-image-6883\" \/><\/figure><\/li><li class=\"blocks-gallery-item\"><figure><img data-attachment-id=\"6900\" data-permalink=\"https:\/\/7geisslein.com\/?attachment_id=6900\" data-orig-file=\"https:\/\/7geisslein.com\/wp-content\/uploads\/2020\/11\/20201025_104052.jpg\" data-orig-size=\"3024,4032\" data-comments-opened=\"1\" data-image-meta=\"{&quot;aperture&quot;:&quot;1.7&quot;,&quot;credit&quot;:&quot;&quot;,&quot;camera&quot;:&quot;SM-A505FN&quot;,&quot;caption&quot;:&quot;&quot;,&quot;created_timestamp&quot;:&quot;1603622453&quot;,&quot;copyright&quot;:&quot;&quot;,&quot;focal_length&quot;:&quot;3.93&quot;,&quot;iso&quot;:&quot;40&quot;,&quot;shutter_speed&quot;:&quot;0.00052687038988409&quot;,&quot;title&quot;:&quot;&quot;,&quot;orientation&quot;:&quot;1&quot;,&quot;latitude&quot;:&quot;49.6209399&quot;,&quot;longitude&quot;:&quot;7.9414075&quot;}\" data-image-title=\"20201025_104052.jpg\" data-image-description=\"\" data-image-caption=\"\" data-medium-file=\"https:\/\/7geisslein.com\/wp-content\/uploads\/2020\/11\/20201025_104052.jpg\" data-large-file=\"https:\/\/7geisslein.com\/wp-content\/uploads\/2020\/11\/20201025_104052.jpg\" loading=\"lazy\" width=\"3024\" height=\"4032\" src=\"http:\/\/7geisslein.com\/wp-content\/uploads\/2020\/11\/20201025_104052.jpg?w=768\" alt=\"\" data-id=\"6900\" class=\"wp-image-6900\" \/><\/figure><\/li><\/ul><\/figure>\n\n\n\n<p>Jetzt ist die Zeit zum Pl\u00e4ne schmieden. Jaja, ich wei\u00df, gewagt, gewagt. Vielleicht planen wir noch nicht den n\u00e4chsten Sommerurlaub oder drei bis f\u00fcnf Gro\u00dfprojekte, aber was w\u00fcrdest du gerne machen? Was willst du lernen, wonach sehnt sich dein Herz, was w\u00fcrdest du gerne verwirklichen? Was soll auf deinem Acker wachsen, was w\u00fcrde dich n\u00e4hren und froh machen? In der Dunkelheit keimt das Neue, es hat keine Eile, ganz still will es liegen, aber irgendwann darf es ans Licht. Wir k\u00f6nnten jetzt schon davon tr\u00e4umen.<\/p>\n\n\n\n<figure class=\"wp-container-10 wp-block-gallery-9 wp-block-gallery columns-3 is-cropped\"><ul data-carousel-extra='{\"blog_id\":1,\"permalink\":\"https:\\\/\\\/7geisslein.com\\\/?p=6868\"}' class=\"blocks-gallery-grid\"><li class=\"blocks-gallery-item\"><figure><img data-attachment-id=\"6896\" data-permalink=\"https:\/\/7geisslein.com\/?attachment_id=6896\" data-orig-file=\"https:\/\/7geisslein.com\/wp-content\/uploads\/2020\/11\/20201025_105107.jpg\" data-orig-size=\"3024,4032\" data-comments-opened=\"1\" data-image-meta=\"{&quot;aperture&quot;:&quot;1.7&quot;,&quot;credit&quot;:&quot;&quot;,&quot;camera&quot;:&quot;SM-A505FN&quot;,&quot;caption&quot;:&quot;&quot;,&quot;created_timestamp&quot;:&quot;1603623067&quot;,&quot;copyright&quot;:&quot;&quot;,&quot;focal_length&quot;:&quot;3.93&quot;,&quot;iso&quot;:&quot;40&quot;,&quot;shutter_speed&quot;:&quot;0.0031347962382445&quot;,&quot;title&quot;:&quot;&quot;,&quot;orientation&quot;:&quot;1&quot;,&quot;latitude&quot;:&quot;49.6206852997&quot;,&quot;longitude&quot;:&quot;7.94095729972&quot;}\" data-image-title=\"20201025_105107.jpg\" data-image-description=\"\" data-image-caption=\"\" data-medium-file=\"https:\/\/7geisslein.com\/wp-content\/uploads\/2020\/11\/20201025_105107.jpg\" data-large-file=\"https:\/\/7geisslein.com\/wp-content\/uploads\/2020\/11\/20201025_105107.jpg\" loading=\"lazy\" width=\"3024\" height=\"4032\" src=\"http:\/\/7geisslein.com\/wp-content\/uploads\/2020\/11\/20201025_105107.jpg?w=768\" alt=\"\" data-id=\"6896\" class=\"wp-image-6896\" \/><\/figure><\/li><li class=\"blocks-gallery-item\"><figure><img data-attachment-id=\"6903\" data-permalink=\"https:\/\/7geisslein.com\/?attachment_id=6903\" data-orig-file=\"https:\/\/7geisslein.com\/wp-content\/uploads\/2020\/11\/wp-1604399526089.jpg\" data-orig-size=\"3024,4032\" data-comments-opened=\"1\" data-image-meta=\"{&quot;aperture&quot;:&quot;1.7&quot;,&quot;credit&quot;:&quot;&quot;,&quot;camera&quot;:&quot;SM-A505FN&quot;,&quot;caption&quot;:&quot;&quot;,&quot;created_timestamp&quot;:&quot;1604403134&quot;,&quot;copyright&quot;:&quot;&quot;,&quot;focal_length&quot;:&quot;3.93&quot;,&quot;iso&quot;:&quot;200&quot;,&quot;shutter_speed&quot;:&quot;0.025&quot;,&quot;title&quot;:&quot;&quot;,&quot;orientation&quot;:&quot;1&quot;}\" data-image-title=\"wp-1604399526089.jpg\" data-image-description=\"\" data-image-caption=\"\" data-medium-file=\"https:\/\/7geisslein.com\/wp-content\/uploads\/2020\/11\/wp-1604399526089.jpg\" data-large-file=\"https:\/\/7geisslein.com\/wp-content\/uploads\/2020\/11\/wp-1604399526089.jpg\" loading=\"lazy\" width=\"3024\" height=\"4032\" src=\"http:\/\/7geisslein.com\/wp-content\/uploads\/2020\/11\/wp-1604399526089.jpg?w=768\" alt=\"\" data-id=\"6903\" class=\"wp-image-6903\" \/><\/figure><\/li><li class=\"blocks-gallery-item\"><figure><img data-attachment-id=\"6889\" data-permalink=\"https:\/\/7geisslein.com\/?attachment_id=6889\" data-orig-file=\"https:\/\/7geisslein.com\/wp-content\/uploads\/2020\/11\/20201031_145733.jpg\" data-orig-size=\"3024,4032\" data-comments-opened=\"1\" data-image-meta=\"{&quot;aperture&quot;:&quot;1.7&quot;,&quot;credit&quot;:&quot;&quot;,&quot;camera&quot;:&quot;SM-A505FN&quot;,&quot;caption&quot;:&quot;&quot;,&quot;created_timestamp&quot;:&quot;1604156254&quot;,&quot;copyright&quot;:&quot;&quot;,&quot;focal_length&quot;:&quot;3.93&quot;,&quot;iso&quot;:&quot;40&quot;,&quot;shutter_speed&quot;:&quot;0.00035198873636044&quot;,&quot;title&quot;:&quot;&quot;,&quot;orientation&quot;:&quot;1&quot;,&quot;latitude&quot;:&quot;49.8713959&quot;,&quot;longitude&quot;:&quot;8.3237137&quot;}\" data-image-title=\"20201031_145733.jpg\" data-image-description=\"\" data-image-caption=\"\" data-medium-file=\"https:\/\/7geisslein.com\/wp-content\/uploads\/2020\/11\/20201031_145733.jpg\" data-large-file=\"https:\/\/7geisslein.com\/wp-content\/uploads\/2020\/11\/20201031_145733.jpg\" loading=\"lazy\" width=\"3024\" height=\"4032\" src=\"http:\/\/7geisslein.com\/wp-content\/uploads\/2020\/11\/20201031_145733.jpg?w=768\" alt=\"\" data-id=\"6889\" class=\"wp-image-6889\" \/><\/figure><\/li><\/ul><\/figure>\n\n\n\n<p>Im November dr\u00e4ngen sich die Gedenktage, als wollten sie sich gegenseitig warm halten. Am Allerheiligentag lesen wir immer die Geschichten der Heiligen vor, deren Namen unsere Kinder tragen. So unterschiedlich diese Heiligen waren, so ist ihnen doch allen gemein, dass sie durch echte Krisen gingen, vor haushohen Herausforderungen und das Leben alles andere als sicher war. Es sind Geschichten von Treue, Gottvertrauen und Mut. Geschichten, die uns gerade jetzt tr\u00f6sten. Vielleicht sind Heiligengeschichten \u00fcberhaupt nicht deine Baustelle, aber welche Geschichten machen euch Mut, geben euch Kraft und Trost? Erz\u00e4hlt sie einander, erz\u00e4hlt die Geschichten eurer Namen, erz\u00e4hlt, von den Menschen, die nicht mehr bei uns sind, von ihren Herausforderungen, ihren Tr\u00e4umen, von ihren Leben voller Geschichten. Drau\u00dfen mag es dunkel sein, aber wenn wir drinnen unsere Geschichten erz\u00e4hlen, wenn wir traurig sein d\u00fcrfen, \u00fcber die, die nicht mehr bei uns sind, wenn wir sie leben lassen in dem wir uns ihrer erinnern, um sie weinen und mit ihnen lachen, dann wird es drinnen hell sein und warm. Stell die Teekanne auf den Tisch, z\u00fcndet ein paar Kerzen an , mehr braucht es dazu nicht.<\/p>\n\n\n\n<figure class=\"wp-container-12 wp-block-gallery-11 wp-block-gallery columns-3 is-cropped\"><ul data-carousel-extra='{\"blog_id\":1,\"permalink\":\"https:\\\/\\\/7geisslein.com\\\/?p=6868\"}' class=\"blocks-gallery-grid\"><li class=\"blocks-gallery-item\"><figure><img data-attachment-id=\"6880\" data-permalink=\"https:\/\/7geisslein.com\/?attachment_id=6880\" data-orig-file=\"https:\/\/7geisslein.com\/wp-content\/uploads\/2020\/11\/20201101_153640.jpg\" data-orig-size=\"3024,4032\" data-comments-opened=\"1\" data-image-meta=\"{&quot;aperture&quot;:&quot;1.7&quot;,&quot;credit&quot;:&quot;&quot;,&quot;camera&quot;:&quot;SM-A505FN&quot;,&quot;caption&quot;:&quot;&quot;,&quot;created_timestamp&quot;:&quot;1604244999&quot;,&quot;copyright&quot;:&quot;&quot;,&quot;focal_length&quot;:&quot;3.93&quot;,&quot;iso&quot;:&quot;100&quot;,&quot;shutter_speed&quot;:&quot;0.02&quot;,&quot;title&quot;:&quot;&quot;,&quot;orientation&quot;:&quot;1&quot;,&quot;latitude&quot;:&quot;49.8658444&quot;,&quot;longitude&quot;:&quot;8.3206977&quot;}\" data-image-title=\"20201101_153640.jpg\" data-image-description=\"\" data-image-caption=\"\" data-medium-file=\"https:\/\/7geisslein.com\/wp-content\/uploads\/2020\/11\/20201101_153640.jpg\" data-large-file=\"https:\/\/7geisslein.com\/wp-content\/uploads\/2020\/11\/20201101_153640.jpg\" loading=\"lazy\" width=\"3024\" height=\"4032\" src=\"http:\/\/7geisslein.com\/wp-content\/uploads\/2020\/11\/20201101_153640.jpg?w=768\" alt=\"\" data-id=\"6880\" class=\"wp-image-6880\" \/><\/figure><\/li><li class=\"blocks-gallery-item\"><figure><img data-attachment-id=\"6902\" data-permalink=\"https:\/\/7geisslein.com\/?attachment_id=6902\" data-orig-file=\"https:\/\/7geisslein.com\/wp-content\/uploads\/2020\/11\/wp-1604399491541.jpg\" data-orig-size=\"3024,4032\" data-comments-opened=\"1\" data-image-meta=\"{&quot;aperture&quot;:&quot;1.7&quot;,&quot;credit&quot;:&quot;&quot;,&quot;camera&quot;:&quot;SM-A505FN&quot;,&quot;caption&quot;:&quot;&quot;,&quot;created_timestamp&quot;:&quot;1604403100&quot;,&quot;copyright&quot;:&quot;&quot;,&quot;focal_length&quot;:&quot;3.93&quot;,&quot;iso&quot;:&quot;100&quot;,&quot;shutter_speed&quot;:&quot;0.02&quot;,&quot;title&quot;:&quot;&quot;,&quot;orientation&quot;:&quot;1&quot;}\" data-image-title=\"wp-1604399491541.jpg\" data-image-description=\"\" data-image-caption=\"\" data-medium-file=\"https:\/\/7geisslein.com\/wp-content\/uploads\/2020\/11\/wp-1604399491541.jpg\" data-large-file=\"https:\/\/7geisslein.com\/wp-content\/uploads\/2020\/11\/wp-1604399491541.jpg\" loading=\"lazy\" width=\"3024\" height=\"4032\" src=\"http:\/\/7geisslein.com\/wp-content\/uploads\/2020\/11\/wp-1604399491541.jpg?w=768\" alt=\"\" data-id=\"6902\" class=\"wp-image-6902\" \/><\/figure><\/li><li class=\"blocks-gallery-item\"><figure><img data-attachment-id=\"6897\" data-permalink=\"https:\/\/7geisslein.com\/?attachment_id=6897\" data-orig-file=\"https:\/\/7geisslein.com\/wp-content\/uploads\/2020\/11\/20201022_190607.jpg\" data-orig-size=\"3024,4032\" data-comments-opened=\"1\" data-image-meta=\"{&quot;aperture&quot;:&quot;1.7&quot;,&quot;credit&quot;:&quot;&quot;,&quot;camera&quot;:&quot;SM-A505FN&quot;,&quot;caption&quot;:&quot;&quot;,&quot;created_timestamp&quot;:&quot;1603393567&quot;,&quot;copyright&quot;:&quot;&quot;,&quot;focal_length&quot;:&quot;3.93&quot;,&quot;iso&quot;:&quot;250&quot;,&quot;shutter_speed&quot;:&quot;0.04&quot;,&quot;title&quot;:&quot;&quot;,&quot;orientation&quot;:&quot;1&quot;,&quot;latitude&quot;:&quot;49.8658552997&quot;,&quot;longitude&quot;:&quot;8.3206901&quot;}\" data-image-title=\"20201022_190607.jpg\" data-image-description=\"\" data-image-caption=\"\" data-medium-file=\"https:\/\/7geisslein.com\/wp-content\/uploads\/2020\/11\/20201022_190607.jpg\" data-large-file=\"https:\/\/7geisslein.com\/wp-content\/uploads\/2020\/11\/20201022_190607.jpg\" loading=\"lazy\" width=\"3024\" height=\"4032\" src=\"http:\/\/7geisslein.com\/wp-content\/uploads\/2020\/11\/20201022_190607.jpg?w=768\" alt=\"\" data-id=\"6897\" class=\"wp-image-6897\" \/><\/figure><\/li><li class=\"blocks-gallery-item\"><figure><img data-attachment-id=\"6887\" data-permalink=\"https:\/\/7geisslein.com\/?attachment_id=6887\" data-orig-file=\"https:\/\/7geisslein.com\/wp-content\/uploads\/2020\/11\/20201031_150903.jpg\" data-orig-size=\"3024,4032\" data-comments-opened=\"1\" data-image-meta=\"{&quot;aperture&quot;:&quot;1.7&quot;,&quot;credit&quot;:&quot;&quot;,&quot;camera&quot;:&quot;SM-A505FN&quot;,&quot;caption&quot;:&quot;&quot;,&quot;created_timestamp&quot;:&quot;1604156944&quot;,&quot;copyright&quot;:&quot;&quot;,&quot;focal_length&quot;:&quot;3.93&quot;,&quot;iso&quot;:&quot;40&quot;,&quot;shutter_speed&quot;:&quot;0.00020898641588297&quot;,&quot;title&quot;:&quot;&quot;,&quot;orientation&quot;:&quot;1&quot;,&quot;latitude&quot;:&quot;49.8690674997&quot;,&quot;longitude&quot;:&quot;8.3265548&quot;}\" data-image-title=\"20201031_150903.jpg\" data-image-description=\"\" data-image-caption=\"\" data-medium-file=\"https:\/\/7geisslein.com\/wp-content\/uploads\/2020\/11\/20201031_150903.jpg\" data-large-file=\"https:\/\/7geisslein.com\/wp-content\/uploads\/2020\/11\/20201031_150903.jpg\" loading=\"lazy\" width=\"3024\" height=\"4032\" src=\"http:\/\/7geisslein.com\/wp-content\/uploads\/2020\/11\/20201031_150903.jpg?w=768\" alt=\"\" data-id=\"6887\" class=\"wp-image-6887\" \/><\/figure><\/li><\/ul><\/figure>\n\n\n\n<p> Falls du auf Instagram  unterwegs bist, k\u00f6nntest du auch mit Daniela von <a href=\"https:\/\/eltern-familie.de\/\">https:\/\/eltern-familie.de\/<\/a> bewusst novembern, da wirst du bestimmt viele ermutigende Worte finden.  Ich werde dabei sein. Ich werde auch die Nadeln klappern lassen und weiche Wolle zwischen den Fingern sp\u00fcren, einfach, weil das meinen Tag hell macht. Ich werde zu jeder erdenklichen Tageszeit Kerzen anz\u00fcnden und Zeit haben, f\u00fcr viele Runden Skip Bo und Canasta mit hausaufgabengeplagten Kindern. Nur eines werde ich nicht tun. Ich werde nicht versuchen, aus dem November einen verfr\u00fchten Dezember zu basteln und ihn mit Glitzer dekorieren. Das w\u00e4re ja  schlicht eine Beleidigung, f\u00fcr solch einen Charakterkopf.<\/p>\n<div class=\"sharedaddy sd-sharing-enabled\"><div class=\"robots-nocontent sd-block sd-social sd-social-official sd-sharing\"><h3 class=\"sd-title\">Teilen mit:<\/h3><div class=\"sd-content\"><ul><li class=\"share-twitter\"><a href=\"https:\/\/twitter.com\/share\" class=\"twitter-share-button\" data-url=\"https:\/\/7geisslein.com\/?p=6868\" data-text=\"Nebelleuchten im November\"  >Tweet<\/a><\/li><li class=\"share-facebook\"><div class=\"fb-share-button\" data-href=\"https:\/\/7geisslein.com\/?p=6868\" data-layout=\"button_count\"><\/div><\/li><li class=\"share-jetpack-whatsapp\"><a rel=\"nofollow noopener noreferrer\" data-shared=\"\" class=\"share-jetpack-whatsapp sd-button\" href=\"https:\/\/7geisslein.com\/?p=6868&amp;share=jetpack-whatsapp\" target=\"_blank\" title=\"Klicken, um auf WhatsApp zu teilen\" ><span>WhatsApp<\/span><\/a><\/li><li><a href=\"#\" class=\"sharing-anchor sd-button share-more\"><span>Mehr<\/span><\/a><\/li><li class=\"share-end\"><\/li><\/ul><div class=\"sharing-hidden\"><div class=\"inner\" style=\"display: none;width:150px;\"><ul style=\"background-image:none;\"><li class=\"share-pinterest\"><div class=\"pinterest_button\"><a href=\"https:\/\/www.pinterest.com\/pin\/create\/button\/?url=https%3A%2F%2F7geisslein.com%2F%3Fp%3D6868&#038;media=https%3A%2F%2F7geisslein.com%2Fwp-content%2Fuploads%2F2020%2F11%2Fwp-1604399554319.jpg&#038;description=Nebelleuchten%20im%20November\" data-pin-do=\"buttonPin\" data-pin-config=\"beside\"><img src=\"\/\/assets.pinterest.com\/images\/pidgets\/pinit_fg_en_rect_gray_20.png\" \/><\/a><\/div><\/li><li class=\"share-end\"><\/li><\/ul><\/div><\/div><\/div><\/div><\/div>","protected":false},"excerpt":{"rendered":"<p>Jedes Jahr, am Morgen des ersten Novembers, frage ich mich aufrichtig, woher denn das Wetter so genau wei\u00df, dass jetzt November ist, und dass zu einem ordentlichen Allerheiligentag auch ein ordentlicher Regen geh\u00f6rt, bitte sch\u00f6n. In der letzten Oktobernacht wird der gro\u00dfe Lichtschalter umgelegt und das Jahr biegt auf die unbeleuchtete Schlussbahn ein. Deshalb regnet &hellip;<\/p>\n<p class=\"read-more\"> <a class=\"\" href=\"https:\/\/7geisslein.com\/?p=6868\"> <span class=\"screen-reader-text\">Nebelleuchten im November<\/span> Weiterlesen \u00bb<\/a><\/p>\n<div class=\"sharedaddy sd-sharing-enabled\"><div class=\"robots-nocontent sd-block sd-social sd-social-official sd-sharing\"><h3 class=\"sd-title\">Teilen mit:<\/h3><div class=\"sd-content\"><ul><li class=\"share-twitter\"><a href=\"https:\/\/twitter.com\/share\" class=\"twitter-share-button\" data-url=\"https:\/\/7geisslein.com\/?p=6868\" data-text=\"Nebelleuchten im November\"  >Tweet<\/a><\/li><li class=\"share-facebook\"><div class=\"fb-share-button\" data-href=\"https:\/\/7geisslein.com\/?p=6868\" data-layout=\"button_count\"><\/div><\/li><li class=\"share-jetpack-whatsapp\"><a rel=\"nofollow noopener noreferrer\" data-shared=\"\" class=\"share-jetpack-whatsapp sd-button\" href=\"https:\/\/7geisslein.com\/?p=6868&amp;share=jetpack-whatsapp\" target=\"_blank\" title=\"Klicken, um auf WhatsApp zu teilen\" ><span>WhatsApp<\/span><\/a><\/li><li><a href=\"#\" class=\"sharing-anchor sd-button share-more\"><span>Mehr<\/span><\/a><\/li><li class=\"share-end\"><\/li><\/ul><div class=\"sharing-hidden\"><div class=\"inner\" style=\"display: none;width:150px;\"><ul style=\"background-image:none;\"><li class=\"share-pinterest\"><div class=\"pinterest_button\"><a href=\"https:\/\/www.pinterest.com\/pin\/create\/button\/?url=https%3A%2F%2F7geisslein.com%2F%3Fp%3D6868&#038;media=https%3A%2F%2F7geisslein.com%2Fwp-content%2Fuploads%2F2020%2F11%2Fwp-1604399554319.jpg&#038;description=Nebelleuchten%20im%20November\" data-pin-do=\"buttonPin\" data-pin-config=\"beside\"><img src=\"\/\/assets.pinterest.com\/images\/pidgets\/pinit_fg_en_rect_gray_20.png\" \/><\/a><\/div><\/li><li class=\"share-end\"><\/li><\/ul><\/div><\/div><\/div><\/div><\/div>","protected":false},"author":106301022,"featured_media":6904,"comment_status":"open","ping_status":"open","sticky":false,"template":"","format":"standard","meta":{"advanced_seo_description":"","site-sidebar-layout":"default","site-content-layout":"default","ast-global-header-display":"","ast-main-header-display":"","ast-hfb-above-header-display":"","ast-hfb-below-header-display":"","ast-hfb-mobile-header-display":"","site-post-title":"","ast-breadcrumbs-content":"","ast-featured-img":"","footer-sml-layout":"","theme-transparent-header-meta":"","adv-header-id-meta":"","stick-header-meta":"","header-above-stick-meta":"","header-main-stick-meta":"","header-below-stick-meta":"","jetpack_publicize_message":"","jetpack_is_tweetstorm":false,"jetpack_publicize_feature_enabled":true},"categories":[58113122,2710,1406,27438546,19576,1770543,4075206,696771947],"tags":[],"jetpack_publicize_connections":[],"jetpack_featured_media_url":"https:\/\/7geisslein.com\/wp-content\/uploads\/2020\/11\/wp-1604399554319.jpg","jetpack_likes_enabled":true,"jetpack_sharing_enabled":true,"jetpack_shortlink":"https:\/\/wp.me\/pe8oxX-1MM","_links":{"self":[{"href":"https:\/\/7geisslein.com\/index.php?rest_route=\/wp\/v2\/posts\/6868"}],"collection":[{"href":"https:\/\/7geisslein.com\/index.php?rest_route=\/wp\/v2\/posts"}],"about":[{"href":"https:\/\/7geisslein.com\/index.php?rest_route=\/wp\/v2\/types\/post"}],"author":[{"embeddable":true,"href":"https:\/\/7geisslein.com\/index.php?rest_route=\/wp\/v2\/users\/106301022"}],"replies":[{"embeddable":true,"href":"https:\/\/7geisslein.com\/index.php?rest_route=%2Fwp%2Fv2%2Fcomments&post=6868"}],"version-history":[{"count":12,"href":"https:\/\/7geisslein.com\/index.php?rest_route=\/wp\/v2\/posts\/6868\/revisions"}],"predecessor-version":[{"id":6909,"href":"https:\/\/7geisslein.com\/index.php?rest_route=\/wp\/v2\/posts\/6868\/revisions\/6909"}],"wp:featuredmedia":[{"embeddable":true,"href":"https:\/\/7geisslein.com\/index.php?rest_route=\/wp\/v2\/media\/6904"}],"wp:attachment":[{"href":"https:\/\/7geisslein.com\/index.php?rest_route=%2Fwp%2Fv2%2Fmedia&parent=6868"}],"wp:term":[{"taxonomy":"category","embeddable":true,"href":"https:\/\/7geisslein.com\/index.php?rest_route=%2Fwp%2Fv2%2Fcategories&post=6868"},{"taxonomy":"post_tag","embeddable":true,"href":"https:\/\/7geisslein.com\/index.php?rest_route=%2Fwp%2Fv2%2Ftags&post=6868"}],"curies":[{"name":"wp","href":"https:\/\/api.w.org\/{rel}","templated":true}]}}