{"id":707,"date":"2016-11-06T13:35:02","date_gmt":"2016-11-06T11:35:02","guid":{"rendered":"http:\/\/7geisslein.com\/?p=707"},"modified":"2016-11-06T13:35:02","modified_gmt":"2016-11-06T11:35:02","slug":"heilige-namen","status":"publish","type":"post","link":"https:\/\/7geisslein.com\/?p=707","title":{"rendered":"Heilige Namen"},"content":{"rendered":"<p>Heute hatte es also auch den Gatten erwischt. Als er vom Br\u00f6tchenholen heimkehrte, brummte er nur noch:&#8220; jetzt ist also wirklich November! &#8220; Dann starrte er d\u00fcster in den pladdernden Regen hinaus und suchte Trost in seiner Zeitung. Ach der arme November! Das hat er nicht verdient. Tats\u00e4chlich bin ich fest davon \u00fcberzeugt, dass er besser ist, als sein Ruf! Nat\u00fcrlich bleibt es ein R\u00e4tsel, woher der November jedes Jahr aufs Neue wei\u00df, dass jetzt November und damit Zeit f\u00fcr Dauerregen und D\u00fcsternis. Eingeklemmt zwischen dem goldenen Oktober und dem lichtergl\u00e4nzenden Dezember ist es m\u00fchselig f\u00fcr den November noch irgendwie zur Geltung zu kommen. H\u00f6chste Zeit eine Lanze f\u00fcr diese drei\u00dfig Tage im Jahr zu brechen.<\/p>\n<p>Ein Monat der mit einem Feiertag beginnt, kann so schlecht schon mal gar nicht sein. Und ich mag Allerheiligen. Wenn es drau\u00dfen dunkel wird, dann holen wir uns Licht ins Haus und der Allerheiligentag ist eine ganz wunderbare Lichtquelle. Wir denken an all die Menschen, die auf ganz au\u00dfergew\u00f6hnliche Weise versucht haben, ihr Leben im Vertrauen auf Gott auszurichten. Die Kinder werden nicht m\u00fcde, die Geschichten ihrer Namensheiligen zu h\u00f6ren und wir werden nicht m\u00fcde, von ihnen zu erz\u00e4hlen. Und so ziehen jedes Jahr rund um den Allerheiligentag vertraute Namen und Gestalten in unser Haus ein. Wir erz\u00e4hlen vom Heiligen Korbinian, der \u00fcber die Alpen zog und dabei den wilden B\u00e4ren z\u00e4hmte. Vom Heiligen Gereon , der der Heiligen Ursula zur Hilfe eilte (Ursula hei\u00dft bei uns niemand, aber Gereon ist einfach der Held&#8230;). \u00a0Wir h\u00f6ren von der Heiligen Aurelia, die eine Gef\u00e4hrtin der Ursula war und an dieser Stelle schauen sich bei uns Vater und Tochter verliebt an und es besteht kein Zweifel daran, dass auch der heutige Gereon seine kleine Aurelia vor allen Gefahren retten w\u00fcrde. Sie bekommen Gesellschaft vom Heiligen Johann Nepomuk und der Heiligen Amalia. Nat\u00fcrlich darf auch Jakob nicht fehlen und wie immer sind wir uns nicht einig, ob der Apostel oder der alttestamentarische Jakob bei der Namenswahl gemeint war. Der \u00a0Wahrheitsgehalt all dieser Legenden? Interessiert mich nicht die Bohne. Weil es darauf nicht ankommt. Gelebt haben diese Menschen alle und in ihrer eigenen Weise haben sie sich bem\u00fcht \u00a0ein redliches Leben zu f\u00fchren. Wenn wir von ihnen erz\u00e4hlen, werden sie auch heute zu Mutmachern f\u00fcr unsere Kinder und best\u00e4rken sie auf ihrem Lebensweg. Jedes von ihnen ist unglaublich stolz auf &#8222;seinen&#8220; Namenspatron, auf die Geschichte seines Namens.<\/p>\n<p>Auch der Allerseelentag ist f\u00fcr mich kein Tag der Traurigkeit. Zu den Heiligen vergangener Tage gesellen sich die Menschen, die immer zu uns geh\u00f6ren werden, auch wenn sie nicht mehr bei uns sind. Wir denken an sie, wir erz\u00e4hlen von ihnen und dadurch \u00a0bleiben Sie auf immer Teil der Familie. \u00a0Das ist nicht traurig, sondern wunderbar und tr\u00f6stlich. Wir sind nicht allein. Wir sind nicht aus dem Nichts aufgetaucht, sondern verbunden mit denen, die vor uns waren.<\/p>\n<p>Hinter der n\u00e4chsten Wegbiegung steht schon der n\u00e4chste Heilige in den Startl\u00f6chern: Martin. \u00a0Noch so ein Mutmacher und Lichtbringer. Schon die Kleinen singen Martinslieder und k\u00f6nnen es kaum erwarten, dass die Laternchen zum Einsatz kommen. K\u00f6nnen wir je genug von der N\u00e4chstenliebe und vom Teilen h\u00f6ren und lernen?<\/p>\n<p>Also bitte, so dunkel und d\u00fcster ist der November doch gar nicht. So ein bisschen Regen kann uns nicht schrecken. Er ist nicht so hektisch und aufgeladen wie der Dezember, aber er l\u00e4dt ein zum erz\u00e4hlen, zum zusammenr\u00fccken, zum ersten leisen \u00a0Pl\u00e4ne schmieden. Er ist die Atempause vor der Adventszeit. Gegen Ende erwartet uns pers\u00f6nlich sogar noch der Geburtstag unserer Zwillinge, ausgerechnet am ersten Adventssonntag. Mehr W\u00e4rme geht gar nicht. Aber den Februar, ganz ehrlich, den kann ich wirklich nicht leiden.<\/p>\n<div class=\"sharedaddy sd-sharing-enabled\"><div class=\"robots-nocontent sd-block sd-social sd-social-official sd-sharing\"><h3 class=\"sd-title\">Teilen mit:<\/h3><div class=\"sd-content\"><ul><li class=\"share-twitter\"><a href=\"https:\/\/twitter.com\/share\" class=\"twitter-share-button\" data-url=\"https:\/\/7geisslein.com\/?p=707\" data-text=\"Heilige Namen\"  >Tweet<\/a><\/li><li class=\"share-facebook\"><div class=\"fb-share-button\" data-href=\"https:\/\/7geisslein.com\/?p=707\" data-layout=\"button_count\"><\/div><\/li><li class=\"share-jetpack-whatsapp\"><a rel=\"nofollow noopener noreferrer\" data-shared=\"\" class=\"share-jetpack-whatsapp sd-button\" href=\"https:\/\/7geisslein.com\/?p=707&amp;share=jetpack-whatsapp\" target=\"_blank\" title=\"Klicken, um auf WhatsApp zu teilen\" ><span>WhatsApp<\/span><\/a><\/li><li><a href=\"#\" class=\"sharing-anchor sd-button share-more\"><span>Mehr<\/span><\/a><\/li><li class=\"share-end\"><\/li><\/ul><div class=\"sharing-hidden\"><div class=\"inner\" style=\"display: none;width:150px;\"><ul style=\"background-image:none;\"><li class=\"share-pinterest\"><div class=\"pinterest_button\"><a href=\"https:\/\/www.pinterest.com\/pin\/create\/button\/?url=https%3A%2F%2F7geisslein.com%2F%3Fp%3D707&#038;media=https%3A%2F%2F7geisslein.com%2Fwp-content%2Fuploads%2F2016%2F11%2Fimage2.jpg&#038;description=Heilige%20Namen\" data-pin-do=\"buttonPin\" data-pin-config=\"beside\"><img src=\"\/\/assets.pinterest.com\/images\/pidgets\/pinit_fg_en_rect_gray_20.png\" \/><\/a><\/div><\/li><li class=\"share-end\"><\/li><\/ul><\/div><\/div><\/div><\/div><\/div>","protected":false},"excerpt":{"rendered":"<p>Heute hatte es also auch den Gatten erwischt. Als er vom Br\u00f6tchenholen heimkehrte, brummte er nur noch:&#8220; jetzt ist also wirklich November! &#8220; Dann starrte er d\u00fcster in den pladdernden Regen hinaus und suchte Trost in seiner Zeitung. Ach der arme November! Das hat er nicht verdient. Tats\u00e4chlich bin ich fest davon \u00fcberzeugt, dass er &hellip;<\/p>\n<p class=\"read-more\"> <a class=\"\" href=\"https:\/\/7geisslein.com\/?p=707\"> <span class=\"screen-reader-text\">Heilige Namen<\/span> Weiterlesen \u00bb<\/a><\/p>\n<div class=\"sharedaddy sd-sharing-enabled\"><div class=\"robots-nocontent sd-block sd-social sd-social-official sd-sharing\"><h3 class=\"sd-title\">Teilen mit:<\/h3><div class=\"sd-content\"><ul><li class=\"share-twitter\"><a href=\"https:\/\/twitter.com\/share\" class=\"twitter-share-button\" data-url=\"https:\/\/7geisslein.com\/?p=707\" data-text=\"Heilige Namen\"  >Tweet<\/a><\/li><li class=\"share-facebook\"><div class=\"fb-share-button\" data-href=\"https:\/\/7geisslein.com\/?p=707\" data-layout=\"button_count\"><\/div><\/li><li class=\"share-jetpack-whatsapp\"><a rel=\"nofollow noopener noreferrer\" data-shared=\"\" class=\"share-jetpack-whatsapp sd-button\" href=\"https:\/\/7geisslein.com\/?p=707&amp;share=jetpack-whatsapp\" target=\"_blank\" title=\"Klicken, um auf WhatsApp zu teilen\" ><span>WhatsApp<\/span><\/a><\/li><li><a href=\"#\" class=\"sharing-anchor sd-button share-more\"><span>Mehr<\/span><\/a><\/li><li class=\"share-end\"><\/li><\/ul><div class=\"sharing-hidden\"><div class=\"inner\" style=\"display: none;width:150px;\"><ul style=\"background-image:none;\"><li class=\"share-pinterest\"><div class=\"pinterest_button\"><a href=\"https:\/\/www.pinterest.com\/pin\/create\/button\/?url=https%3A%2F%2F7geisslein.com%2F%3Fp%3D707&#038;media=https%3A%2F%2F7geisslein.com%2Fwp-content%2Fuploads%2F2016%2F11%2Fimage2.jpg&#038;description=Heilige%20Namen\" data-pin-do=\"buttonPin\" data-pin-config=\"beside\"><img src=\"\/\/assets.pinterest.com\/images\/pidgets\/pinit_fg_en_rect_gray_20.png\" \/><\/a><\/div><\/li><li class=\"share-end\"><\/li><\/ul><\/div><\/div><\/div><\/div><\/div>","protected":false},"author":106301022,"featured_media":706,"comment_status":"open","ping_status":"open","sticky":false,"template":"","format":"standard","meta":{"advanced_seo_description":"","site-sidebar-layout":"default","site-content-layout":"default","ast-global-header-display":"","ast-main-header-display":"","ast-hfb-above-header-display":"","ast-hfb-below-header-display":"","ast-hfb-mobile-header-display":"","site-post-title":"","ast-breadcrumbs-content":"","ast-featured-img":"","footer-sml-layout":"","theme-transparent-header-meta":"","adv-header-id-meta":"","stick-header-meta":"","header-above-stick-meta":"","header-main-stick-meta":"","header-below-stick-meta":"","jetpack_publicize_message":"","jetpack_is_tweetstorm":false,"jetpack_publicize_feature_enabled":true},"categories":[2710],"tags":[],"jetpack_publicize_connections":[],"jetpack_featured_media_url":"https:\/\/7geisslein.com\/wp-content\/uploads\/2016\/11\/image2.jpg","jetpack_likes_enabled":true,"jetpack_sharing_enabled":true,"jetpack_shortlink":"https:\/\/wp.me\/pe8oxX-bp","_links":{"self":[{"href":"https:\/\/7geisslein.com\/index.php?rest_route=\/wp\/v2\/posts\/707"}],"collection":[{"href":"https:\/\/7geisslein.com\/index.php?rest_route=\/wp\/v2\/posts"}],"about":[{"href":"https:\/\/7geisslein.com\/index.php?rest_route=\/wp\/v2\/types\/post"}],"author":[{"embeddable":true,"href":"https:\/\/7geisslein.com\/index.php?rest_route=\/wp\/v2\/users\/106301022"}],"replies":[{"embeddable":true,"href":"https:\/\/7geisslein.com\/index.php?rest_route=%2Fwp%2Fv2%2Fcomments&post=707"}],"version-history":[{"count":14,"href":"https:\/\/7geisslein.com\/index.php?rest_route=\/wp\/v2\/posts\/707\/revisions"}],"predecessor-version":[{"id":723,"href":"https:\/\/7geisslein.com\/index.php?rest_route=\/wp\/v2\/posts\/707\/revisions\/723"}],"wp:featuredmedia":[{"embeddable":true,"href":"https:\/\/7geisslein.com\/index.php?rest_route=\/wp\/v2\/media\/706"}],"wp:attachment":[{"href":"https:\/\/7geisslein.com\/index.php?rest_route=%2Fwp%2Fv2%2Fmedia&parent=707"}],"wp:term":[{"taxonomy":"category","embeddable":true,"href":"https:\/\/7geisslein.com\/index.php?rest_route=%2Fwp%2Fv2%2Fcategories&post=707"},{"taxonomy":"post_tag","embeddable":true,"href":"https:\/\/7geisslein.com\/index.php?rest_route=%2Fwp%2Fv2%2Ftags&post=707"}],"curies":[{"name":"wp","href":"https:\/\/api.w.org\/{rel}","templated":true}]}}